{"id":943,"date":"2009-07-22T20:38:00","date_gmt":"2009-07-22T18:38:00","guid":{"rendered":"http:\/\/www.heljesten.nu\/?p=943"},"modified":"2009-07-22T20:38:00","modified_gmt":"2009-07-22T18:38:00","slug":"besok-pa-teba","status":"publish","type":"post","link":"https:\/\/www.heljesten.nu\/?p=943","title":{"rendered":"Bes\u00f6k p\u00e5 Teba"},"content":{"rendered":"<p>P\u00e5 hemv\u00e4gen fr\u00e5n s\u00f6dern stannade vi s\u00e5 klart till vid Teba i H\u00f6\u00f6r. Det var en minimal omv\u00e4g och som alltid klart v\u00e4rt besv\u00e4ret.<\/p>\n<p>Jag beh\u00f6vde en ny sele \u00e5t Kasper att ha i bilen och vid cykling. Den ett \u00e5r gamla har gett sig i syntetmaterialet p\u00e5 undersidan och h\u00e5lls bara ihop av ovantyget. Inget bra f\u00f6r en s\u00e5n sele.<\/p>\n<p>Jag fick utomordentlig hj\u00e4lp att prova de selar jag tagit fram, och vi kom gemensamt fram till att den dyraste (givetvis) var den som satt b\u00e4st. En g\u00e5rdshunds spolformiga kropp och i synnerhet Kaspers suver\u00e4na \u00e5lningsteknik g\u00f6r att inte vilken sele som helst duger. Det blev en tysk nomevariant, Niggeloh Hundef\u00fchrgeschirr &#8221;Follow&#8221;, till det facila priset 669 kronor. Den \u00e4r lite klumpig, men v\u00e4ndbar, s\u00e5 man (kanske beroende p\u00e5 vad man ska ha den till?) kan v\u00e4nda den s\u00e5 som den passar b\u00e4st. Den sitter iallafall bra och vrider sig minimalt med drag fr\u00e5n sidan, som det blir n\u00e4r man kopplar till cykeln.<\/p>\n<p><a href=\"http:\/\/2.bp.blogspot.com\/_GkK1i6dbjdc\/SmeGhBMM6hI\/AAAAAAAABq0\/loh_cO8sN0I\/s1600-h\/_MG_1741.jpg\"><img decoding=\"async\" style=\"TEXT-ALIGN: center; MARGIN: 0px auto 10px; WIDTH: 400px; DISPLAY: block; HEIGHT: 266px; CURSOR: hand\" id=\"BLOGGER_PHOTO_ID_5361401783221283346\" border=\"0\" alt=\"\" src=\"http:\/\/2.bp.blogspot.com\/_GkK1i6dbjdc\/SmeGhBMM6hI\/AAAAAAAABq0\/loh_cO8sN0I\/s400\/_MG_1741.jpg\" \/><\/a> <em>Selen funkar j\u00e4kligt bra b\u00e5de till cykling och bil\u00e5kning.<\/em><\/p>\n<p><a href=\"http:\/\/1.bp.blogspot.com\/_GkK1i6dbjdc\/SmeGhLwf2oI\/AAAAAAAABqs\/aJWdEcU-8kU\/s1600-h\/_MG_1736.jpg\"><img decoding=\"async\" style=\"TEXT-ALIGN: center; MARGIN: 0px auto 10px; WIDTH: 266px; DISPLAY: block; HEIGHT: 400px; CURSOR: hand\" id=\"BLOGGER_PHOTO_ID_5361401786057874050\" border=\"0\" alt=\"\" src=\"http:\/\/1.bp.blogspot.com\/_GkK1i6dbjdc\/SmeGhLwf2oI\/AAAAAAAABqs\/aJWdEcU-8kU\/s400\/_MG_1736.jpg\" \/><\/a> <em>H\u00e4r st\u00e5r ekipaget v\u00e4ldans snett och \u00e4nd\u00e5 sitter selen bra.<\/em><\/p>\n<div>Jag hade ocks\u00e5 planer p\u00e5 att k\u00f6pa ett Back-on-track-t\u00e4cke, \u00e4ven om \u2013 eller trots att \u2013 SKK har f\u00f6rbjudit dem p\u00e5 grund av att man skryter om att t\u00e4cket har l\u00e4kande egenskaper. Min \u00e5sikt \u00e4r att SKK inte ska agera marknadsf\u00f6ringsdomstol, s\u00e5dant organ finns redan och ska anv\u00e4ndas om man anser att f\u00f6retagets marknadsf\u00f6ring \u00e4r felaktig. Iallafall k\u00e4nner jag m\u00e5nga som har detta t\u00e4cke och \u00e4r supern\u00f6jda, s\u00e5 vi provade \u00e4ven det till Kasper. Nu fanns inte r\u00e4tt storlek inne, t\u00e4cket finns i m\u00e4ngder av storlekar med 2 cm inkrementeringar. <\/div>\n<p><\/p>\n<div><img decoding=\"async\" style=\"TEXT-ALIGN: center; MARGIN: 0px auto 10px; WIDTH: 400px; DISPLAY: block; HEIGHT: 266px; CURSOR: hand\" id=\"BLOGGER_PHOTO_ID_5361375758495954162\" border=\"0\" alt=\"\" src=\"http:\/\/4.bp.blogspot.com\/_GkK1i6dbjdc\/Smdu2LiKtPI\/AAAAAAAABqk\/zFDpi4m18CQ\/s400\/_MG_1726.jpg\" \/><\/div>\n<div><em>Provar t\u00e4cket utanf\u00f6r butiken med bitr\u00e4dande expedit. Man ser tydligt det alltf\u00f6r stora halsh\u00e5let p\u00e5 bilden.<\/em><\/div>\n<p><\/p>\n<div>Men butikschefen \u2013 h\u00e4r en anledning till att jag gillar Teba \u2013 var \u00e4rlig nog att s\u00e4ga att hon inte tyckte att t\u00e4ckmodellen, oavsett storlek, passade Kasper. Blir det lagom l\u00e5ngt bak\u00e5t (det finns ett h\u00e5l d\u00e4r svansen ska petas igenom, s\u00e4rskilt glada svansar som Kaspers beh\u00f6ver f\u00f6ras igenom d\u00e4r) s\u00e5 blev h\u00e5let vid huvudet alltf\u00f6r stort. Det hade jag sj\u00e4lv inte t\u00e4nkt p\u00e5, men n\u00e4r hon p\u00e5pekade det s\u00e5g jag det ju. Och modellen g\u00e5r inte att sn\u00f6ra \u00e5t vid halsen. Lite felkonstruerat, allts\u00e5. S\u00e5 nu \u00e4r ju fr\u00e5gan vilket annat t\u00e4cke jag ska k\u00f6pa. Har kikat lite p\u00e5 Obtrack p\u00e5 webben, n\u00e5n som har n\u00e5gon erfarenhet av det? T\u00e4cket ska anv\u00e4ndas till framf\u00f6r allt vila mellan arbetspass, efter cykling, medan vi v\u00e4ntar p\u00e5 sp\u00e5rning osv. Kanske promenader om det \u00e4r riktigt ruskv\u00e4der, men mer stilla \u00e4n r\u00f6relse iallfall.<\/div>\n","protected":false},"excerpt":{"rendered":"<p>P\u00e5 hemv\u00e4gen fr\u00e5n s\u00f6dern stannade vi s\u00e5 klart till vid Teba i H\u00f6\u00f6r. Det var en minimal omv\u00e4g och som alltid klart v\u00e4rt besv\u00e4ret. Jag beh\u00f6vde en ny sele \u00e5t Kasper att ha i bilen och vid cykling. Den ett \u00e5r gamla har gett sig i syntetmaterialet p\u00e5 undersidan och h\u00e5lls bara ihop av ovantyget. [&hellip;]<\/p>\n","protected":false},"author":1,"featured_media":0,"comment_status":"open","ping_status":"open","sticky":false,"template":"","format":"standard","meta":[],"categories":[116,125],"tags":[],"_links":{"self":[{"href":"https:\/\/www.heljesten.nu\/index.php?rest_route=\/wp\/v2\/posts\/943"}],"collection":[{"href":"https:\/\/www.heljesten.nu\/index.php?rest_route=\/wp\/v2\/posts"}],"about":[{"href":"https:\/\/www.heljesten.nu\/index.php?rest_route=\/wp\/v2\/types\/post"}],"author":[{"embeddable":true,"href":"https:\/\/www.heljesten.nu\/index.php?rest_route=\/wp\/v2\/users\/1"}],"replies":[{"embeddable":true,"href":"https:\/\/www.heljesten.nu\/index.php?rest_route=%2Fwp%2Fv2%2Fcomments&post=943"}],"version-history":[{"count":0,"href":"https:\/\/www.heljesten.nu\/index.php?rest_route=\/wp\/v2\/posts\/943\/revisions"}],"wp:attachment":[{"href":"https:\/\/www.heljesten.nu\/index.php?rest_route=%2Fwp%2Fv2%2Fmedia&parent=943"}],"wp:term":[{"taxonomy":"category","embeddable":true,"href":"https:\/\/www.heljesten.nu\/index.php?rest_route=%2Fwp%2Fv2%2Fcategories&post=943"},{"taxonomy":"post_tag","embeddable":true,"href":"https:\/\/www.heljesten.nu\/index.php?rest_route=%2Fwp%2Fv2%2Ftags&post=943"}],"curies":[{"name":"wp","href":"https:\/\/api.w.org\/{rel}","templated":true}]}}