{"id":942,"date":"2009-08-02T21:05:00","date_gmt":"2009-08-02T19:05:00","guid":{"rendered":"http:\/\/www.heljesten.nu\/?p=942"},"modified":"2009-08-02T21:05:00","modified_gmt":"2009-08-02T19:05:00","slug":"lite-fler-bilder-fran-frankrike","status":"publish","type":"post","link":"https:\/\/www.heljesten.nu\/?p=942","title":{"rendered":"Lite fler bilder fr\u00e5n Frankrike"},"content":{"rendered":"<p>Jag ligger ju rej\u00e4lt efter med bildpublicering fr\u00e5n Frankrike, eftersom bredbandet betedde sig rent ut sagt oh\u00f6vligt stora delar av tiden. S\u00e5 h\u00e4r kommer en bunt bilder fr\u00e5n senare delen av vistelsen. De kommer i lite oordning, men bildtexterna f\u00e5r f\u00f6rklara det hela&#8230;<br \/><a href=\"http:\/\/3.bp.blogspot.com\/_GkK1i6dbjdc\/SnXynhadR5I\/AAAAAAAABss\/PV21d5-33XU\/s1600-h\/_MG_1384.jpg\"><img decoding=\"async\" style=\"TEXT-ALIGN: center; MARGIN: 0px auto 10px; WIDTH: 400px; DISPLAY: block; HEIGHT: 266px; CURSOR: hand\" id=\"BLOGGER_PHOTO_ID_5365461291879974802\" border=\"0\" alt=\"\" src=\"http:\/\/3.bp.blogspot.com\/_GkK1i6dbjdc\/SnXynhadR5I\/AAAAAAAABss\/PV21d5-33XU\/s400\/_MG_1384.jpg\" \/><\/a>Precis i b\u00f6rjan av juli b\u00f6rjade de stora solrosf\u00e4lten blomma. Det var helt otroligt vackert f\u00f6r oss nordbor som bara ser n\u00e5n enstaka s\u00e5n praktblomma vid n\u00e5n stugknut h\u00e4r hemma. Men just m\u00e4ngdeffekten var enorm, mycket maffigare \u00e4n gula rapsf\u00e4lt, som \u00e4r nog s\u00e5 vackert. Vi frossade i att fota dessa villiga motiv ur alla uppt\u00e4nkliga vinklar och med alla objektiv vi kunde t\u00e4nka oss. Ett litet urval&#8230;<\/p>\n<div><a href=\"http:\/\/2.bp.blogspot.com\/_GkK1i6dbjdc\/SnXynRuBfRI\/AAAAAAAABsk\/LOSu36OQXdE\/s1600-h\/_MG_1397.jpg\"><img decoding=\"async\" style=\"TEXT-ALIGN: center; MARGIN: 0px auto 10px; WIDTH: 266px; DISPLAY: block; HEIGHT: 400px; CURSOR: hand\" id=\"BLOGGER_PHOTO_ID_5365461287667072274\" border=\"0\" alt=\"\" src=\"http:\/\/2.bp.blogspot.com\/_GkK1i6dbjdc\/SnXynRuBfRI\/AAAAAAAABsk\/LOSu36OQXdE\/s400\/_MG_1397.jpg\" \/><\/a><\/p>\n<div><a href=\"http:\/\/1.bp.blogspot.com\/_GkK1i6dbjdc\/SnXyf9paXyI\/AAAAAAAABsc\/XOAn9a5vCHM\/s1600-h\/_MG_1430.jpg\"><img decoding=\"async\" style=\"TEXT-ALIGN: center; MARGIN: 0px auto 10px; WIDTH: 400px; DISPLAY: block; HEIGHT: 266px; CURSOR: hand\" id=\"BLOGGER_PHOTO_ID_5365461162019938082\" border=\"0\" alt=\"\" src=\"http:\/\/1.bp.blogspot.com\/_GkK1i6dbjdc\/SnXyf9paXyI\/AAAAAAAABsc\/XOAn9a5vCHM\/s400\/_MG_1430.jpg\" \/><\/a> N\u00e5gra vilsekomna solrosor i vetef\u00e4ltet. Har de m\u00e5nne marscherat dit \u00e4nda d\u00e4rbortifr\u00e5n? De ser ut som st\u00e5tliga f\u00e5gelskr\u00e4mmor d\u00e4r de st\u00e5r&#8230;<\/p>\n<p><\/p>\n<div><a href=\"http:\/\/3.bp.blogspot.com\/_GkK1i6dbjdc\/SnXyf9gwtDI\/AAAAAAAABsU\/tUO4XGPL1ao\/s1600-h\/_MG_1434.jpg\"><img decoding=\"async\" style=\"TEXT-ALIGN: center; MARGIN: 0px auto 10px; WIDTH: 400px; DISPLAY: block; HEIGHT: 266px; CURSOR: hand\" id=\"BLOGGER_PHOTO_ID_5365461161983652914\" border=\"0\" alt=\"\" src=\"http:\/\/3.bp.blogspot.com\/_GkK1i6dbjdc\/SnXyf9gwtDI\/AAAAAAAABsU\/tUO4XGPL1ao\/s400\/_MG_1434.jpg\" \/><\/a> Kasper fick h\u00e5lla sig i kanten av f\u00e4lten. Hade vi sl\u00e4ppt in honom d\u00e4r hade vi v\u00e4l aldrig mer sett honom&#8230; Eller han oss&#8230;<\/p>\n<div><a href=\"http:\/\/4.bp.blogspot.com\/_GkK1i6dbjdc\/SnXyfjYq7DI\/AAAAAAAABsM\/2UW4J17BrXU\/s1600-h\/_MG_1511.jpg\"><img decoding=\"async\" style=\"TEXT-ALIGN: center; MARGIN: 0px auto 10px; WIDTH: 266px; DISPLAY: block; HEIGHT: 400px; CURSOR: hand\" id=\"BLOGGER_PHOTO_ID_5365461154970397746\" border=\"0\" alt=\"\" src=\"http:\/\/4.bp.blogspot.com\/_GkK1i6dbjdc\/SnXyfjYq7DI\/AAAAAAAABsM\/2UW4J17BrXU\/s400\/_MG_1511.jpg\" \/><\/a>Le Corbusiers fascinerande kapell i Ronchamp.<\/p>\n<div><a href=\"http:\/\/3.bp.blogspot.com\/_GkK1i6dbjdc\/SnXyfWP-DtI\/AAAAAAAABsE\/h35dqgfWdgw\/s1600-h\/_MG_1518.jpg\"><img decoding=\"async\" style=\"TEXT-ALIGN: center; MARGIN: 0px auto 10px; WIDTH: 400px; DISPLAY: block; HEIGHT: 266px; CURSOR: hand\" id=\"BLOGGER_PHOTO_ID_5365461151444242130\" border=\"0\" alt=\"\" src=\"http:\/\/3.bp.blogspot.com\/_GkK1i6dbjdc\/SnXyfWP-DtI\/AAAAAAAABsE\/h35dqgfWdgw\/s400\/_MG_1518.jpg\" \/><\/a> Tyv\u00e4rr var hundar inte till\u00e5tna h\u00e4ruppe.<\/p>\n<p><\/p>\n<div><a href=\"http:\/\/1.bp.blogspot.com\/_GkK1i6dbjdc\/SnXyfdKwQVI\/AAAAAAAABr8\/-1d5Ppiz5WQ\/s1600-h\/_MG_1528.jpg\"><img decoding=\"async\" style=\"TEXT-ALIGN: center; MARGIN: 0px auto 10px; WIDTH: 266px; DISPLAY: block; HEIGHT: 400px; CURSOR: hand\" id=\"BLOGGER_PHOTO_ID_5365461153301414226\" border=\"0\" alt=\"\" src=\"http:\/\/1.bp.blogspot.com\/_GkK1i6dbjdc\/SnXyfdKwQVI\/AAAAAAAABr8\/-1d5Ppiz5WQ\/s400\/_MG_1528.jpg\" \/><\/a> Tornet ser helt klart ut som en gubbe.<\/p>\n<p><\/p>\n<div><a href=\"http:\/\/3.bp.blogspot.com\/_GkK1i6dbjdc\/SnXyT4wgIqI\/AAAAAAAABr0\/inlfmuRRFkA\/s1600-h\/_MG_1540.jpg\"><img decoding=\"async\" style=\"TEXT-ALIGN: center; MARGIN: 0px auto 10px; WIDTH: 266px; DISPLAY: block; HEIGHT: 400px; CURSOR: hand\" id=\"BLOGGER_PHOTO_ID_5365460954549068450\" border=\"0\" alt=\"\" src=\"http:\/\/3.bp.blogspot.com\/_GkK1i6dbjdc\/SnXyT4wgIqI\/AAAAAAAABr0\/inlfmuRRFkA\/s400\/_MG_1540.jpg\" \/><\/a> Inne fick man inte fota, men vem kan motst\u00e5 dessa vackra f\u00f6nster? De s\u00e5g mycket anspr\u00e5ksl\u00f6sa ut utifr\u00e5n, men d\u00e4rinne var de mycket m\u00e4ktiga.<\/p>\n<div><a href=\"http:\/\/4.bp.blogspot.com\/_GkK1i6dbjdc\/SnXyTyGFeuI\/AAAAAAAABrs\/6wN5K-qhvec\/s1600-h\/_MG_1554.jpg\"><img decoding=\"async\" style=\"TEXT-ALIGN: center; MARGIN: 0px auto 10px; WIDTH: 400px; DISPLAY: block; HEIGHT: 266px; CURSOR: hand\" id=\"BLOGGER_PHOTO_ID_5365460952760548066\" border=\"0\" alt=\"\" src=\"http:\/\/4.bp.blogspot.com\/_GkK1i6dbjdc\/SnXyTyGFeuI\/AAAAAAAABrs\/6wN5K-qhvec\/s400\/_MG_1554.jpg\" \/><\/a> Hastigt bes\u00f6k i Luxemburg.<\/p>\n<p><\/p>\n<div><a href=\"http:\/\/3.bp.blogspot.com\/_GkK1i6dbjdc\/SnXyTj3FFkI\/AAAAAAAABrk\/mlSTe5POC4Q\/s1600-h\/_MG_1564.jpg\"><img decoding=\"async\" style=\"TEXT-ALIGN: center; MARGIN: 0px auto 10px; WIDTH: 400px; DISPLAY: block; HEIGHT: 266px; CURSOR: hand\" id=\"BLOGGER_PHOTO_ID_5365460948939511362\" border=\"0\" alt=\"\" src=\"http:\/\/3.bp.blogspot.com\/_GkK1i6dbjdc\/SnXyTj3FFkI\/AAAAAAAABrk\/mlSTe5POC4Q\/s400\/_MG_1564.jpg\" \/><\/a> Husse och Kasper n\u00e4r vi cyklade runt i M\u00fcnster.<\/p>\n<p><\/p>\n<div><a href=\"http:\/\/4.bp.blogspot.com\/_GkK1i6dbjdc\/SnXyTSb3lrI\/AAAAAAAABrc\/0D9OhKgxyWQ\/s1600-h\/_MG_1570.jpg\"><img decoding=\"async\" style=\"TEXT-ALIGN: center; MARGIN: 0px auto 10px; WIDTH: 400px; DISPLAY: block; HEIGHT: 266px; CURSOR: hand\" id=\"BLOGGER_PHOTO_ID_5365460944261977778\" border=\"0\" alt=\"\" src=\"http:\/\/4.bp.blogspot.com\/_GkK1i6dbjdc\/SnXyTSb3lrI\/AAAAAAAABrc\/0D9OhKgxyWQ\/s400\/_MG_1570.jpg\" \/><\/a> Vacker dimma i M\u00fcnster p\u00e5 morgoncyklingen.<\/p>\n<p><\/p>\n<div><a href=\"http:\/\/1.bp.blogspot.com\/_GkK1i6dbjdc\/SnXyTKwVAeI\/AAAAAAAABrU\/ug9uZl4m8Tw\/s1600-h\/IMG_1445.jpg\"><img decoding=\"async\" style=\"TEXT-ALIGN: center; MARGIN: 0px auto 10px; WIDTH: 400px; DISPLAY: block; HEIGHT: 266px; CURSOR: hand\" id=\"BLOGGER_PHOTO_ID_5365460942200308194\" border=\"0\" alt=\"\" src=\"http:\/\/1.bp.blogspot.com\/_GkK1i6dbjdc\/SnXyTKwVAeI\/AAAAAAAABrU\/ug9uZl4m8Tw\/s400\/IMG_1445.jpg\" \/><\/a> L\u00e4ste idag i <a href=\"http:\/\/www.svd.se\/nyheter\/inrikes\/artikel_3294181.svd\">SvD att bristen p\u00e5 blom\u00e4ngar hotar v\u00e5ra fj\u00e4rilar<\/a>. Kom d\u00e5 att t\u00e4nka p\u00e5 den h\u00e4r underbara \u00e4ngen mellan Druyes les Belles Fontaines och Soug\u00e8res. Lovar att den var \u00e4nnu vackrare i verkligheten \u00e4n vad den h\u00e4r bilden f\u00f6rm\u00e5r att f\u00f6rmedla. Visst var det l\u00e4ngesen man s\u00e5g en s\u00e5n blomster\u00e4ng i Sverige?<\/p>\n<div><\/div>\n<\/div>\n<\/div>\n<\/div>\n<\/div>\n<\/div>\n<\/div>\n<\/div>\n<\/div>\n<\/div>\n<\/div>\n<\/div>\n","protected":false},"excerpt":{"rendered":"<p>Jag ligger ju rej\u00e4lt efter med bildpublicering fr\u00e5n Frankrike, eftersom bredbandet betedde sig rent ut sagt oh\u00f6vligt stora delar av tiden. S\u00e5 h\u00e4r kommer en bunt bilder fr\u00e5n senare delen av vistelsen. De kommer i lite oordning, men bildtexterna f\u00e5r f\u00f6rklara det hela&#8230;Precis i b\u00f6rjan av juli b\u00f6rjade de stora solrosf\u00e4lten blomma. Det var helt [&hellip;]<\/p>\n","protected":false},"author":1,"featured_media":0,"comment_status":"open","ping_status":"open","sticky":false,"template":"","format":"standard","meta":[],"categories":[1],"tags":[],"_links":{"self":[{"href":"https:\/\/www.heljesten.nu\/index.php?rest_route=\/wp\/v2\/posts\/942"}],"collection":[{"href":"https:\/\/www.heljesten.nu\/index.php?rest_route=\/wp\/v2\/posts"}],"about":[{"href":"https:\/\/www.heljesten.nu\/index.php?rest_route=\/wp\/v2\/types\/post"}],"author":[{"embeddable":true,"href":"https:\/\/www.heljesten.nu\/index.php?rest_route=\/wp\/v2\/users\/1"}],"replies":[{"embeddable":true,"href":"https:\/\/www.heljesten.nu\/index.php?rest_route=%2Fwp%2Fv2%2Fcomments&post=942"}],"version-history":[{"count":0,"href":"https:\/\/www.heljesten.nu\/index.php?rest_route=\/wp\/v2\/posts\/942\/revisions"}],"wp:attachment":[{"href":"https:\/\/www.heljesten.nu\/index.php?rest_route=%2Fwp%2Fv2%2Fmedia&parent=942"}],"wp:term":[{"taxonomy":"category","embeddable":true,"href":"https:\/\/www.heljesten.nu\/index.php?rest_route=%2Fwp%2Fv2%2Fcategories&post=942"},{"taxonomy":"post_tag","embeddable":true,"href":"https:\/\/www.heljesten.nu\/index.php?rest_route=%2Fwp%2Fv2%2Ftags&post=942"}],"curies":[{"name":"wp","href":"https:\/\/api.w.org\/{rel}","templated":true}]}}