{"id":941,"date":"2009-08-08T20:32:00","date_gmt":"2009-08-08T18:32:00","guid":{"rendered":"http:\/\/www.heljesten.nu\/?p=941"},"modified":"2009-08-08T20:32:00","modified_gmt":"2009-08-08T18:32:00","slug":"legat-lagt","status":"publish","type":"post","link":"https:\/\/www.heljesten.nu\/?p=941","title":{"rendered":"Legat l\u00e5gt"},"content":{"rendered":"<p>Har legat l\u00e5gt med b\u00e5de blogg och hundaktiviteter p\u00e5 sistone d\u00e5 jag \u00e5kte p\u00e5 en f\u00f6rkylning i veckan. Har med knapp n\u00f6d orkat arbeta av det viktigaste varvat med vila i skuggstolen.<\/p>\n<p>Viltsp\u00e5rprovet som skulle varit idag sk\u00f6ts tack och lov upp tills imorgon p\u00e5 domarens beg\u00e4ran. Har inte tr\u00e4nat viltsp\u00e5r n\u00e5t mer sen sist, men jag hoppas det g\u00e5r v\u00e4gen \u00e4nd\u00e5. Det l\u00e4r v\u00e4l bli varmt imorgon med, s\u00e5 det \u00e4r tur att vi startar redan vid nio. S\u00e5vitt jag vet \u00e4r vi bara tv\u00e5 hundar (om ingen annan anm\u00e4lt sig separat) s\u00e5 vi beh\u00f6ver inte v\u00e4nta s\u00e5 l\u00e4nge. Tur, f\u00f6r sen ska jag h\u00e4mta en gammal kompis som kommer med t\u00e5get vid ettiden.<\/p>\n<p>Har \u00e4nnu inte tagit n\u00e5n bild p\u00e5 hur fin Kasper blev i sin Obtrackkostym. Det kommer, f\u00f6r ett s\u00e5nt t\u00e4cke kan jag rekommendera till andra g\u00e5rdshundsbyggda hundkroppar.<\/p>\n<p>Passerade Alewalds inne i stan idag p\u00e5 v\u00e4g till lunch p\u00e5 Ulla Winblads med g\u00e4stande amerikaner och inhandlade d\u00e5 ett par Lundhagsbyxor samt en bambuskjorta som ska testas redan imorgon bitti. Bambu skulle enligt reklamen transportera bort fukt och h\u00e5lla en sval varma sommardagar samt vara naturligt antibakteriell och dessutom vara mjuk och sk\u00f6n. Ja, det sista st\u00e4mmer, det \u00e4r det enda jag vet \u00e4nnu. T\u00e4nkte att en l\u00e5ng\u00e4rmad skjorta som inte blir f\u00f6r varm \u00e4r perfa om man som jag vill slippa att \u00e4n en g\u00e5ng bli s\u00f6nderriven p\u00e5 armarna av de vassa sn\u00e5ren i roslagsskogen vi ska h\u00e5lla till i imorgon.<\/p>\n<p>H\u00e5ll g\u00e4rna tummarna f\u00f6r oss imorrn!<\/p>\n","protected":false},"excerpt":{"rendered":"<p>Har legat l\u00e5gt med b\u00e5de blogg och hundaktiviteter p\u00e5 sistone d\u00e5 jag \u00e5kte p\u00e5 en f\u00f6rkylning i veckan. Har med knapp n\u00f6d orkat arbeta av det viktigaste varvat med vila i skuggstolen. Viltsp\u00e5rprovet som skulle varit idag sk\u00f6ts tack och lov upp tills imorgon p\u00e5 domarens beg\u00e4ran. Har inte tr\u00e4nat viltsp\u00e5r n\u00e5t mer sen sist, [&hellip;]<\/p>\n","protected":false},"author":1,"featured_media":0,"comment_status":"open","ping_status":"open","sticky":false,"template":"","format":"standard","meta":[],"categories":[10,123],"tags":[],"_links":{"self":[{"href":"https:\/\/www.heljesten.nu\/index.php?rest_route=\/wp\/v2\/posts\/941"}],"collection":[{"href":"https:\/\/www.heljesten.nu\/index.php?rest_route=\/wp\/v2\/posts"}],"about":[{"href":"https:\/\/www.heljesten.nu\/index.php?rest_route=\/wp\/v2\/types\/post"}],"author":[{"embeddable":true,"href":"https:\/\/www.heljesten.nu\/index.php?rest_route=\/wp\/v2\/users\/1"}],"replies":[{"embeddable":true,"href":"https:\/\/www.heljesten.nu\/index.php?rest_route=%2Fwp%2Fv2%2Fcomments&post=941"}],"version-history":[{"count":0,"href":"https:\/\/www.heljesten.nu\/index.php?rest_route=\/wp\/v2\/posts\/941\/revisions"}],"wp:attachment":[{"href":"https:\/\/www.heljesten.nu\/index.php?rest_route=%2Fwp%2Fv2%2Fmedia&parent=941"}],"wp:term":[{"taxonomy":"category","embeddable":true,"href":"https:\/\/www.heljesten.nu\/index.php?rest_route=%2Fwp%2Fv2%2Fcategories&post=941"},{"taxonomy":"post_tag","embeddable":true,"href":"https:\/\/www.heljesten.nu\/index.php?rest_route=%2Fwp%2Fv2%2Ftags&post=941"}],"curies":[{"name":"wp","href":"https:\/\/api.w.org\/{rel}","templated":true}]}}