{"id":923,"date":"2009-08-31T19:44:00","date_gmt":"2009-08-31T17:44:00","guid":{"rendered":"http:\/\/www.heljesten.nu\/?p=923"},"modified":"2009-08-31T19:44:00","modified_gmt":"2009-08-31T17:44:00","slug":"skogspromenad-3","status":"publish","type":"post","link":"https:\/\/www.heljesten.nu\/?p=923","title":{"rendered":"Skogspromenad"},"content":{"rendered":"<p>P\u00e5 eftermiddagen ig\u00e5r fick Kasper en avkopplande skogspromenad med gula labben Tosca, som hade vett att s\u00e4ga ifr\u00e5n n\u00e4r pojkspolingen blev f\u00f6r n\u00e4rg\u00e5ngen d\u00e4r bak. Vi gick i ett h\u00e4rligt skogsomr\u00e5de med mycket granith\u00e4llar, mossa och tallar och efter att inledningsvis varit sedvanligt odr\u00e4glig (ny milj\u00f6, ny hund) lugnade han ner sig s\u00e5 att jag best\u00e4mde mig f\u00f6r att sl\u00e4ppa honom. Han sk\u00f6tte sig riktigt bra och kom p\u00e5 inkallningarna, \u00e4ven om han f\u00f6rsvann utom synh\u00e5ll ett par g\u00e5nger s\u00e5 jag fick ta till visselpipan. D\u00e5 rasslade han \u00e5 andra sidan tillbaka illande kvickt, s\u00e5 jag var n\u00f6jd.<br \/>N\u00e4r Tosca fick jaga boll n\u00f6jde sig Kasper med att springa efter henne, inte i konkurrens om bollen, utan bara n\u00f6jet att f\u00e5 h\u00e4nga med den stora tjejen. Det var lite gulligt&#8230;<\/p>\n<p>Imorgon \u00e5ker vi en sv\u00e4ng till Sk\u00e5ne \u00f6ver dagen, s\u00e5 Kasper ska f\u00e5 komma till en tillf\u00e4llig dagmatte han varit hos n\u00e5gon g\u00e5ng f\u00f6rut. Det var n\u00e5t \u00e5r sen, s\u00e5 jag vet inte om han minns. Men han har ju blivit \u00e4ldre och klokare sen dess, s\u00e5 jag hoppas att det ska g\u00e5 bra.<\/p>\n","protected":false},"excerpt":{"rendered":"<p>P\u00e5 eftermiddagen ig\u00e5r fick Kasper en avkopplande skogspromenad med gula labben Tosca, som hade vett att s\u00e4ga ifr\u00e5n n\u00e4r pojkspolingen blev f\u00f6r n\u00e4rg\u00e5ngen d\u00e4r bak. Vi gick i ett h\u00e4rligt skogsomr\u00e5de med mycket granith\u00e4llar, mossa och tallar och efter att inledningsvis varit sedvanligt odr\u00e4glig (ny milj\u00f6, ny hund) lugnade han ner sig s\u00e5 att jag [&hellip;]<\/p>\n","protected":false},"author":1,"featured_media":0,"comment_status":"open","ping_status":"open","sticky":false,"template":"","format":"standard","meta":[],"categories":[184,10,128,175],"tags":[],"_links":{"self":[{"href":"https:\/\/www.heljesten.nu\/index.php?rest_route=\/wp\/v2\/posts\/923"}],"collection":[{"href":"https:\/\/www.heljesten.nu\/index.php?rest_route=\/wp\/v2\/posts"}],"about":[{"href":"https:\/\/www.heljesten.nu\/index.php?rest_route=\/wp\/v2\/types\/post"}],"author":[{"embeddable":true,"href":"https:\/\/www.heljesten.nu\/index.php?rest_route=\/wp\/v2\/users\/1"}],"replies":[{"embeddable":true,"href":"https:\/\/www.heljesten.nu\/index.php?rest_route=%2Fwp%2Fv2%2Fcomments&post=923"}],"version-history":[{"count":0,"href":"https:\/\/www.heljesten.nu\/index.php?rest_route=\/wp\/v2\/posts\/923\/revisions"}],"wp:attachment":[{"href":"https:\/\/www.heljesten.nu\/index.php?rest_route=%2Fwp%2Fv2%2Fmedia&parent=923"}],"wp:term":[{"taxonomy":"category","embeddable":true,"href":"https:\/\/www.heljesten.nu\/index.php?rest_route=%2Fwp%2Fv2%2Fcategories&post=923"},{"taxonomy":"post_tag","embeddable":true,"href":"https:\/\/www.heljesten.nu\/index.php?rest_route=%2Fwp%2Fv2%2Ftags&post=923"}],"curies":[{"name":"wp","href":"https:\/\/api.w.org\/{rel}","templated":true}]}}