{"id":900,"date":"2009-10-02T19:12:00","date_gmt":"2009-10-02T17:12:00","guid":{"rendered":"http:\/\/www.heljesten.nu\/?p=900"},"modified":"2009-10-02T19:12:00","modified_gmt":"2009-10-02T17:12:00","slug":"tiden-ramlar-pa","status":"publish","type":"post","link":"https:\/\/www.heljesten.nu\/?p=900","title":{"rendered":"Tiden ramlar p\u00e5"},"content":{"rendered":"<p>Jisses vad fort tiden g\u00e5r just nu. Redan fredag kv\u00e4ll, vart har veckan tagit v\u00e4gen?<br \/>Hade inte ens hunnit f\u00e5 av mig pannlampan fr\u00e5n kv\u00e4llspromenaden f\u00f6rr\u00e4n det ringer i husses mobiltelefon. \u201dSvara du!\u201d h\u00f6rdes det nerifr\u00e5n. Det var vedleveransen som stod utanf\u00f6r garaget. Den m\u00e5ste ha kommit en sekund efter att Kasper och jag passerade, f\u00f6r d\u00e5 stod d\u00e4r minsann ingen j\u00e4ttestor lastbil.<br \/>P\u00e5kl\u00e4dd var jag ju, och lampf\u00f6rsedd, s\u00e5 det var bara att traska ut igen och ta emot. Halv \u00e5tta en fredagkv\u00e4ll&#8230; Blev tvungen att k\u00f6ra undan bilen trots ett par glas vin innanf\u00f6r v\u00e4sten. Och husse fick purra grannen ur fredagssoffan, f\u00f6r hans bil stod ocks\u00e5 i v\u00e4gen.<br \/>Nu har vi iallafall fyra kubik att ta hand om i helgen. Precis som jag inte hade annat f\u00f6r mig: rallylydnad p\u00e5 l\u00f6rdag, viltsp\u00e5rkurs p\u00e5 s\u00f6ndag, trettio sidor fransk bok att l\u00e4sa tills p\u00e5 onsdag \u2013 och det tar tiiiiid \u2013 och s\u00e5 vanliga jobbet som jag borde g\u00f6ra lite p\u00e5. Tur att jag \u00f6vningsk\u00f6rde med lillmatte ig\u00e5r, f\u00f6r det ser inte ljust ut nu f\u00f6r s\u00e5dant. Hon har b\u00f6rjat p\u00e5 k\u00f6rskola ocks\u00e5, s\u00e5 vi m\u00e5ste tr\u00e4na lite mellan varven, s\u00e5 kostnaden inte skjuter iv\u00e4g alltf\u00f6r mycket.<br \/>N\u00e4, nu ska vi se om glassen \u00e4r klar. H\u00e4llde en rej\u00e4l skv\u00e4tt vit kakaolik\u00f6r i, s\u00e5 nu vill den inte riktigt stelna&#8230; S\u00e5na sm\u00e4llar f\u00e5r man ta.<\/p>\n","protected":false},"excerpt":{"rendered":"<p>Jisses vad fort tiden g\u00e5r just nu. Redan fredag kv\u00e4ll, vart har veckan tagit v\u00e4gen?Hade inte ens hunnit f\u00e5 av mig pannlampan fr\u00e5n kv\u00e4llspromenaden f\u00f6rr\u00e4n det ringer i husses mobiltelefon. \u201dSvara du!\u201d h\u00f6rdes det nerifr\u00e5n. Det var vedleveransen som stod utanf\u00f6r garaget. Den m\u00e5ste ha kommit en sekund efter att Kasper och jag passerade, f\u00f6r [&hellip;]<\/p>\n","protected":false},"author":1,"featured_media":0,"comment_status":"open","ping_status":"open","sticky":false,"template":"","format":"standard","meta":[],"categories":[1],"tags":[],"_links":{"self":[{"href":"https:\/\/www.heljesten.nu\/index.php?rest_route=\/wp\/v2\/posts\/900"}],"collection":[{"href":"https:\/\/www.heljesten.nu\/index.php?rest_route=\/wp\/v2\/posts"}],"about":[{"href":"https:\/\/www.heljesten.nu\/index.php?rest_route=\/wp\/v2\/types\/post"}],"author":[{"embeddable":true,"href":"https:\/\/www.heljesten.nu\/index.php?rest_route=\/wp\/v2\/users\/1"}],"replies":[{"embeddable":true,"href":"https:\/\/www.heljesten.nu\/index.php?rest_route=%2Fwp%2Fv2%2Fcomments&post=900"}],"version-history":[{"count":0,"href":"https:\/\/www.heljesten.nu\/index.php?rest_route=\/wp\/v2\/posts\/900\/revisions"}],"wp:attachment":[{"href":"https:\/\/www.heljesten.nu\/index.php?rest_route=%2Fwp%2Fv2%2Fmedia&parent=900"}],"wp:term":[{"taxonomy":"category","embeddable":true,"href":"https:\/\/www.heljesten.nu\/index.php?rest_route=%2Fwp%2Fv2%2Fcategories&post=900"},{"taxonomy":"post_tag","embeddable":true,"href":"https:\/\/www.heljesten.nu\/index.php?rest_route=%2Fwp%2Fv2%2Ftags&post=900"}],"curies":[{"name":"wp","href":"https:\/\/api.w.org\/{rel}","templated":true}]}}