{"id":893,"date":"2009-10-11T18:48:00","date_gmt":"2009-10-11T16:48:00","guid":{"rendered":"http:\/\/www.heljesten.nu\/?p=893"},"modified":"2009-10-11T18:48:00","modified_gmt":"2009-10-11T16:48:00","slug":"slapp-dag","status":"publish","type":"post","link":"https:\/\/www.heljesten.nu\/?p=893","title":{"rendered":"Slapp dag"},"content":{"rendered":"<p>Idag hade vi sovmorgon, och sen l\u00e4ste jag min franskl\u00e4xa. Efter lunch tog vi en tur till Veddesta f\u00f6r att k\u00f6pa en mus p\u00e5 Netonnet och sen en l\u00e5ngpromenad p\u00e5 J\u00e4rvaf\u00e4ltet n\u00e4r vi \u00e4nd\u00e5 var i trakten. D\u00e4r m\u00e5ste man ha hunden kopplad, s\u00e5 jag hade l\u00e5nglina p\u00e5. D\u00e4remot h\u00f6ll jag inte i den hela tiden &#8230;<\/p>\n<p><a href=\"http:\/\/2.bp.blogspot.com\/_GkK1i6dbjdc\/StI9iGDh2eI\/AAAAAAAAByU\/4YQWeQA-Bf4\/s1600-h\/20091011-20091011-_MG_4178.jpg\"><img decoding=\"async\" style=\"TEXT-ALIGN: center; MARGIN: 0px auto 10px; WIDTH: 400px; DISPLAY: block; HEIGHT: 266px; CURSOR: hand\" id=\"BLOGGER_PHOTO_ID_5391439359866165730\" border=\"0\" alt=\"\" src=\"http:\/\/2.bp.blogspot.com\/_GkK1i6dbjdc\/StI9iGDh2eI\/AAAAAAAAByU\/4YQWeQA-Bf4\/s400\/20091011-20091011-_MG_4178.jpg\" \/><\/a> Vilken s\u00f6tnos, va?!<\/p>\n<div><a href=\"http:\/\/4.bp.blogspot.com\/_GkK1i6dbjdc\/StI9h7xgT1I\/AAAAAAAAByM\/-bIBnKGqEDc\/s1600-h\/20091011-20091011-_MG_4184.jpg\"><img decoding=\"async\" style=\"TEXT-ALIGN: center; MARGIN: 0px auto 10px; WIDTH: 400px; DISPLAY: block; HEIGHT: 266px; CURSOR: hand\" id=\"BLOGGER_PHOTO_ID_5391439357106212690\" border=\"0\" alt=\"\" src=\"http:\/\/4.bp.blogspot.com\/_GkK1i6dbjdc\/StI9h7xgT1I\/AAAAAAAAByM\/-bIBnKGqEDc\/s400\/20091011-20091011-_MG_4184.jpg\" \/><\/a> Mandomsprov.<\/p>\n<div><a href=\"http:\/\/1.bp.blogspot.com\/_GkK1i6dbjdc\/StI9hZGT_iI\/AAAAAAAAByE\/krx48FXet3g\/s1600-h\/20091011-20091011-_MG_4191.jpg\"><img decoding=\"async\" style=\"TEXT-ALIGN: center; MARGIN: 0px auto 10px; WIDTH: 266px; DISPLAY: block; HEIGHT: 400px; CURSOR: hand\" id=\"BLOGGER_PHOTO_ID_5391439347798244898\" border=\"0\" alt=\"\" src=\"http:\/\/1.bp.blogspot.com\/_GkK1i6dbjdc\/StI9hZGT_iI\/AAAAAAAAByE\/krx48FXet3g\/s400\/20091011-20091011-_MG_4191.jpg\" \/><\/a> Kasper gillar verkligen st\u00e4ttor. F\u00f6rra sommaren fick han tr\u00e4na mycket p\u00e5 s\u00e5na p\u00e5 Gotland, och takterna sitter i.<\/p>\n<div><a href=\"http:\/\/2.bp.blogspot.com\/_GkK1i6dbjdc\/StI9hDNF9zI\/AAAAAAAABx8\/R8G6p6mBYWI\/s1600-h\/20091011-20091011-_MG_4208.jpg\"><img decoding=\"async\" style=\"TEXT-ALIGN: center; MARGIN: 0px auto 10px; WIDTH: 266px; DISPLAY: block; HEIGHT: 400px; CURSOR: hand\" id=\"BLOGGER_PHOTO_ID_5391439341921105714\" border=\"0\" alt=\"\" src=\"http:\/\/2.bp.blogspot.com\/_GkK1i6dbjdc\/StI9hDNF9zI\/AAAAAAAABx8\/R8G6p6mBYWI\/s400\/20091011-20091011-_MG_4208.jpg\" \/><\/a> Vi tittade p\u00e5 de vackra l\u00e5nghornade korna och fikade i en skogsbacke. Kasper blev lite os\u00e4ker och sk\u00e4llde ett par g\u00e5nger n\u00e4r matte klappade en ko p\u00e5 mulen.<\/p>\n<p><\/p>\n<div><a href=\"http:\/\/1.bp.blogspot.com\/_GkK1i6dbjdc\/StI9g09dCjI\/AAAAAAAABx0\/HGQeeTt2oog\/s1600-h\/20091011-20091011-_MG_4220.jpg\"><img decoding=\"async\" style=\"TEXT-ALIGN: center; MARGIN: 0px auto 10px; WIDTH: 400px; DISPLAY: block; HEIGHT: 266px; CURSOR: hand\" id=\"BLOGGER_PHOTO_ID_5391439338097412658\" border=\"0\" alt=\"\" src=\"http:\/\/1.bp.blogspot.com\/_GkK1i6dbjdc\/StI9g09dCjI\/AAAAAAAABx0\/HGQeeTt2oog\/s400\/20091011-20091011-_MG_4220.jpg\" \/><\/a>Vilka s\u00f6ta sm\u00e5kossor! De minsta diar fortfarande sin Mamma Mu. <\/div>\n<div> <\/div>\n<div><span style=\"color:#990000;\">P\u00e5 tal om sm\u00e5tt: Vi grattar Ingrid med familj till sin tredje tjej!<\/span><\/div>\n<\/div>\n<\/div>\n<\/div>\n","protected":false},"excerpt":{"rendered":"<p>Idag hade vi sovmorgon, och sen l\u00e4ste jag min franskl\u00e4xa. Efter lunch tog vi en tur till Veddesta f\u00f6r att k\u00f6pa en mus p\u00e5 Netonnet och sen en l\u00e5ngpromenad p\u00e5 J\u00e4rvaf\u00e4ltet n\u00e4r vi \u00e4nd\u00e5 var i trakten. D\u00e4r m\u00e5ste man ha hunden kopplad, s\u00e5 jag hade l\u00e5nglina p\u00e5. D\u00e4remot h\u00f6ll jag inte i den hela [&hellip;]<\/p>\n","protected":false},"author":1,"featured_media":0,"comment_status":"open","ping_status":"open","sticky":false,"template":"","format":"standard","meta":[],"categories":[10],"tags":[],"_links":{"self":[{"href":"https:\/\/www.heljesten.nu\/index.php?rest_route=\/wp\/v2\/posts\/893"}],"collection":[{"href":"https:\/\/www.heljesten.nu\/index.php?rest_route=\/wp\/v2\/posts"}],"about":[{"href":"https:\/\/www.heljesten.nu\/index.php?rest_route=\/wp\/v2\/types\/post"}],"author":[{"embeddable":true,"href":"https:\/\/www.heljesten.nu\/index.php?rest_route=\/wp\/v2\/users\/1"}],"replies":[{"embeddable":true,"href":"https:\/\/www.heljesten.nu\/index.php?rest_route=%2Fwp%2Fv2%2Fcomments&post=893"}],"version-history":[{"count":0,"href":"https:\/\/www.heljesten.nu\/index.php?rest_route=\/wp\/v2\/posts\/893\/revisions"}],"wp:attachment":[{"href":"https:\/\/www.heljesten.nu\/index.php?rest_route=%2Fwp%2Fv2%2Fmedia&parent=893"}],"wp:term":[{"taxonomy":"category","embeddable":true,"href":"https:\/\/www.heljesten.nu\/index.php?rest_route=%2Fwp%2Fv2%2Fcategories&post=893"},{"taxonomy":"post_tag","embeddable":true,"href":"https:\/\/www.heljesten.nu\/index.php?rest_route=%2Fwp%2Fv2%2Ftags&post=893"}],"curies":[{"name":"wp","href":"https:\/\/api.w.org\/{rel}","templated":true}]}}