{"id":857,"date":"2009-12-08T09:21:00","date_gmt":"2009-12-08T08:21:00","guid":{"rendered":"http:\/\/www.heljesten.nu\/?p=857"},"modified":"2009-12-08T09:21:00","modified_gmt":"2009-12-08T08:21:00","slug":"dans","status":"publish","type":"post","link":"https:\/\/www.heljesten.nu\/?p=857","title":{"rendered":"Dans"},"content":{"rendered":"<p>En kort bildblogg om pardans som omv\u00e4xling. Dottern hade avslutning i Solna Sportdansklubb i helgen.<\/p>\n<p><\/p>\n<p align=\"center\"><a href=\"http:\/\/3.bp.blogspot.com\/_GkK1i6dbjdc\/Sx4NDwrTegI\/AAAAAAAAB3o\/ioJryGEZqgg\/s1600-h\/_MG_6230.jpg\"><img decoding=\"async\" style=\"TEXT-ALIGN: center; MARGIN: 0px auto 10px; WIDTH: 266px; DISPLAY: block; HEIGHT: 400px; CURSOR: hand\" id=\"BLOGGER_PHOTO_ID_5412778160403216898\" border=\"0\" alt=\"\" src=\"http:\/\/3.bp.blogspot.com\/_GkK1i6dbjdc\/Sx4NDwrTegI\/AAAAAAAAB3o\/ioJryGEZqgg\/s400\/_MG_6230.jpg\" \/><\/a> <em>S och S gjorde mycket bra ifr\u00e5n sig, det var riktigt kul att se dem.<\/em><\/p>\n<div align=\"center\"><a href=\"http:\/\/2.bp.blogspot.com\/_GkK1i6dbjdc\/Sx4NDqpz1vI\/AAAAAAAAB3g\/7T6vSQAHwbg\/s1600-h\/_MG_6257.jpg\"><img decoding=\"async\" style=\"TEXT-ALIGN: center; MARGIN: 0px auto 10px; WIDTH: 266px; DISPLAY: block; HEIGHT: 400px; CURSOR: hand\" id=\"BLOGGER_PHOTO_ID_5412778158786336498\" border=\"0\" alt=\"\" src=\"http:\/\/2.bp.blogspot.com\/_GkK1i6dbjdc\/Sx4NDqpz1vI\/AAAAAAAAB3g\/7T6vSQAHwbg\/s400\/_MG_6257.jpg\" \/><\/a> <em>Klubbens i nul\u00e4get mest rutinerade par visade upp sig i sina t\u00e4vlingskl\u00e4der.<br \/><\/em><br \/><a href=\"http:\/\/2.bp.blogspot.com\/_GkK1i6dbjdc\/Sx4NDc7Ek4I\/AAAAAAAAB3Y\/iFY1eW9qZX4\/s1600-h\/_MG_6266.jpg\"><img decoding=\"async\" style=\"TEXT-ALIGN: center; MARGIN: 0px auto 10px; WIDTH: 400px; DISPLAY: block; HEIGHT: 266px; CURSOR: hand\" id=\"BLOGGER_PHOTO_ID_5412778155100640130\" border=\"0\" alt=\"\" src=\"http:\/\/2.bp.blogspot.com\/_GkK1i6dbjdc\/Sx4NDc7Ek4I\/AAAAAAAAB3Y\/iFY1eW9qZX4\/s400\/_MG_6266.jpg\" \/><\/a> <em>Bredden p\u00e5 t\u00e4vlingsparen var \u00f6kat rej\u00e4lt de senaste \u00e5ren.<\/em><\/p>\n<p><a href=\"http:\/\/1.bp.blogspot.com\/_GkK1i6dbjdc\/Sx4NC0JxzFI\/AAAAAAAAB3Q\/1r6aw54_IS4\/s1600-h\/_MG_6269.jpg\"><img decoding=\"async\" style=\"TEXT-ALIGN: center; MARGIN: 0px auto 10px; WIDTH: 400px; DISPLAY: block; HEIGHT: 266px; CURSOR: hand\" id=\"BLOGGER_PHOTO_ID_5412778144156470354\" border=\"0\" alt=\"\" src=\"http:\/\/1.bp.blogspot.com\/_GkK1i6dbjdc\/Sx4NC0JxzFI\/AAAAAAAAB3Q\/1r6aw54_IS4\/s400\/_MG_6269.jpg\" \/><\/a> <em>Snygg linje av dansare. Borde ha skurit bort basketkorgen.<br \/><\/em><\/p>\n<div><a href=\"http:\/\/2.bp.blogspot.com\/_GkK1i6dbjdc\/Sx4NCtUHBkI\/AAAAAAAAB3I\/OW1rJC9HI1o\/s1600-h\/_MG_6286.jpg\"><img decoding=\"async\" style=\"TEXT-ALIGN: center; MARGIN: 0px auto 10px; WIDTH: 266px; DISPLAY: block; HEIGHT: 400px; CURSOR: hand\" id=\"BLOGGER_PHOTO_ID_5412778142320756290\" border=\"0\" alt=\"\" src=\"http:\/\/2.bp.blogspot.com\/_GkK1i6dbjdc\/Sx4NCtUHBkI\/AAAAAAAAB3I\/OW1rJC9HI1o\/s400\/_MG_6286.jpg\" \/><\/a> <em>Lyckades f\u00e5nga den raka bensparken.<\/em><\/div>\n<div align=\"left\">Ni som \u00e4r intresserade och f\u00f6ljer Let&#8217;s Dance kan notera att det \u00e4r S:s dansl\u00e4rare Bj\u00f6rn som st\u00e4ller upp tillsammans med Gudrun Schyman i v\u00e5r. Ni f\u00e5r allts\u00e5 g\u00e4rna heja p\u00e5 dem, oavsett politisk \u00e5sk\u00e5dning. \ud83d\ude09<\/div>\n<p><\/div>\n","protected":false},"excerpt":{"rendered":"<p>En kort bildblogg om pardans som omv\u00e4xling. Dottern hade avslutning i Solna Sportdansklubb i helgen. S och S gjorde mycket bra ifr\u00e5n sig, det var riktigt kul att se dem. Klubbens i nul\u00e4get mest rutinerade par visade upp sig i sina t\u00e4vlingskl\u00e4der. Bredden p\u00e5 t\u00e4vlingsparen var \u00f6kat rej\u00e4lt de senaste \u00e5ren. Snygg linje av dansare. [&hellip;]<\/p>\n","protected":false},"author":1,"featured_media":0,"comment_status":"open","ping_status":"open","sticky":false,"template":"","format":"standard","meta":[],"categories":[1],"tags":[],"_links":{"self":[{"href":"https:\/\/www.heljesten.nu\/index.php?rest_route=\/wp\/v2\/posts\/857"}],"collection":[{"href":"https:\/\/www.heljesten.nu\/index.php?rest_route=\/wp\/v2\/posts"}],"about":[{"href":"https:\/\/www.heljesten.nu\/index.php?rest_route=\/wp\/v2\/types\/post"}],"author":[{"embeddable":true,"href":"https:\/\/www.heljesten.nu\/index.php?rest_route=\/wp\/v2\/users\/1"}],"replies":[{"embeddable":true,"href":"https:\/\/www.heljesten.nu\/index.php?rest_route=%2Fwp%2Fv2%2Fcomments&post=857"}],"version-history":[{"count":0,"href":"https:\/\/www.heljesten.nu\/index.php?rest_route=\/wp\/v2\/posts\/857\/revisions"}],"wp:attachment":[{"href":"https:\/\/www.heljesten.nu\/index.php?rest_route=%2Fwp%2Fv2%2Fmedia&parent=857"}],"wp:term":[{"taxonomy":"category","embeddable":true,"href":"https:\/\/www.heljesten.nu\/index.php?rest_route=%2Fwp%2Fv2%2Fcategories&post=857"},{"taxonomy":"post_tag","embeddable":true,"href":"https:\/\/www.heljesten.nu\/index.php?rest_route=%2Fwp%2Fv2%2Ftags&post=857"}],"curies":[{"name":"wp","href":"https:\/\/api.w.org\/{rel}","templated":true}]}}