{"id":855,"date":"2009-12-12T17:27:00","date_gmt":"2009-12-12T16:27:00","guid":{"rendered":"http:\/\/www.heljesten.nu\/?p=855"},"modified":"2009-12-12T17:27:00","modified_gmt":"2009-12-12T16:27:00","slug":"freddie-och-sabina","status":"publish","type":"post","link":"https:\/\/www.heljesten.nu\/?p=855","title":{"rendered":"Freddie och Sabina"},"content":{"rendered":"<p>Labbarna Freddie och Sabina h\u00e4lsade p\u00e5 idag tillsammans med sin matte. Det var kul att tr\u00e4ffa dem.<br \/>Vi gick p\u00e5 promenad och Kasper drog mer \u00e4n han brukar p\u00e5 v\u00e5ra solopromenader, men inte lika intensivt som med Enzo.<br \/>T tyckte att stenskogen skulle fungera bra som s\u00f6kskog. Har aldrig t\u00e4nkt p\u00e5 den s\u00e5, men bortsett fr\u00e5n att den \u00e4r ganska liten och att det r\u00f6r sig en del folk d\u00e4r, s\u00e5 har hon nog r\u00e4tt i det. Den \u00e4r \u00f6ppen och fin, och det finns massor av stenbumlingar att g\u00f6mma sig bakom. Iallafall gillar jag den skogen, det \u00e4r alltid trevligt att g\u00e5 d\u00e4r.<br \/>D\u00e4r sl\u00e4ppte vi Freddie och Kasper, som dock inte alls b\u00f6rjade leka med varandra, utan bara sprang omkring var f\u00f6r sig. D\u00e5 fick Sabina komma loss ocks\u00e5, och det gick bra. Kasper fick till och med nosa henne i baken utan att hon fr\u00e4ste ifr\u00e5n.<br \/>Nu \u00e4r det matlagningsdags och jag ska ner och steka lite blomk\u00e5l till kyckling i kokosmj\u00f6lk, som redan st\u00e5r klart och bara ska v\u00e4rmas. Oj, husse ropade just att det \u00e4r vitt p\u00e5 marken! Vi kanske gick \u00f6ver stenh\u00e4llarna f\u00f6r sista g\u00e5ngen p\u00e5 ett tag, det kanske blir glashalt d\u00e4r nu?<\/p>\n","protected":false},"excerpt":{"rendered":"<p>Labbarna Freddie och Sabina h\u00e4lsade p\u00e5 idag tillsammans med sin matte. Det var kul att tr\u00e4ffa dem.Vi gick p\u00e5 promenad och Kasper drog mer \u00e4n han brukar p\u00e5 v\u00e5ra solopromenader, men inte lika intensivt som med Enzo.T tyckte att stenskogen skulle fungera bra som s\u00f6kskog. Har aldrig t\u00e4nkt p\u00e5 den s\u00e5, men bortsett fr\u00e5n att [&hellip;]<\/p>\n","protected":false},"author":1,"featured_media":0,"comment_status":"open","ping_status":"open","sticky":false,"template":"","format":"standard","meta":[],"categories":[10,175],"tags":[],"_links":{"self":[{"href":"https:\/\/www.heljesten.nu\/index.php?rest_route=\/wp\/v2\/posts\/855"}],"collection":[{"href":"https:\/\/www.heljesten.nu\/index.php?rest_route=\/wp\/v2\/posts"}],"about":[{"href":"https:\/\/www.heljesten.nu\/index.php?rest_route=\/wp\/v2\/types\/post"}],"author":[{"embeddable":true,"href":"https:\/\/www.heljesten.nu\/index.php?rest_route=\/wp\/v2\/users\/1"}],"replies":[{"embeddable":true,"href":"https:\/\/www.heljesten.nu\/index.php?rest_route=%2Fwp%2Fv2%2Fcomments&post=855"}],"version-history":[{"count":0,"href":"https:\/\/www.heljesten.nu\/index.php?rest_route=\/wp\/v2\/posts\/855\/revisions"}],"wp:attachment":[{"href":"https:\/\/www.heljesten.nu\/index.php?rest_route=%2Fwp%2Fv2%2Fmedia&parent=855"}],"wp:term":[{"taxonomy":"category","embeddable":true,"href":"https:\/\/www.heljesten.nu\/index.php?rest_route=%2Fwp%2Fv2%2Fcategories&post=855"},{"taxonomy":"post_tag","embeddable":true,"href":"https:\/\/www.heljesten.nu\/index.php?rest_route=%2Fwp%2Fv2%2Ftags&post=855"}],"curies":[{"name":"wp","href":"https:\/\/api.w.org\/{rel}","templated":true}]}}