{"id":836,"date":"2009-12-27T14:12:00","date_gmt":"2009-12-27T13:12:00","guid":{"rendered":"http:\/\/www.heljesten.nu\/?p=836"},"modified":"2009-12-27T14:12:00","modified_gmt":"2009-12-27T13:12:00","slug":"kort-promenad","status":"publish","type":"post","link":"https:\/\/www.heljesten.nu\/?p=836","title":{"rendered":"Kort promenad"},"content":{"rendered":"<p>Vi skulle ta en kort promenad upp till aff\u00e4ren och k\u00f6pa lite mj\u00f6lk. Kasper slapp tratten i utbyte mot t\u00e4cket, men ville \u00e4nd\u00e5 inte h\u00e4nga med uppf\u00f6r backen. Vi har kanske 600 meters uppf\u00f6rsbacke till lilla Ica och det var jobbigt att dra honom upp&#8230; De tio kilona blev snarast till trettio. En kort bit lyckades jag lura honom att det var kul att springa, men det var det lilla, det. Sn\u00f6rboll? Bl\u00e4. Godis i sn\u00f6n? Men kom igen, morsan.<br \/>Efter snabbisen in i butiken uppt\u00e4ckte jag att han f\u00e5tt s\u00e4llskap d\u00e4rute av en annan hund knappt tv\u00e5 meter bort. Han satt \u00e4nd\u00e5 osedvanligt lugnt vid sin plats, brydde sig inte om den andra hunden. Inte likt Kasper. P\u00e5 tillbakav\u00e4gen, n\u00e4r han uppt\u00e4ckte att vi skulle g\u00e5 samma v\u00e4g tillbaka och ingen omv\u00e4g, b\u00f6rjade svansen att vifta f\u00f6r f\u00f6rsta g\u00e5ngen.<br \/>Men du kan v\u00e4l kissa, \u00e5tminstone? tyckte jag. F\u00f6rst d\u00e5 lyfte han benet. Han kissade ordentligt. Det var som att han aldrig ens t\u00e4nkt tanken p\u00e5 uppv\u00e4gen, ute i den hemska, kalla sn\u00f6n.<br \/>Sen gick han glatt i h\u00e4ngande koppel nerf\u00f6r hela backen och var riktigt glad att komma hem igen.<br \/>Nu \u00e4r han utan tratt p\u00e5 prov, s\u00e5 f\u00e5r vi se hur det g\u00e5r. Huden \u00e4r lite r\u00f6dare efter den lilla utflykten \u00e4n den var innan.<\/p>\n","protected":false},"excerpt":{"rendered":"<p>Vi skulle ta en kort promenad upp till aff\u00e4ren och k\u00f6pa lite mj\u00f6lk. Kasper slapp tratten i utbyte mot t\u00e4cket, men ville \u00e4nd\u00e5 inte h\u00e4nga med uppf\u00f6r backen. Vi har kanske 600 meters uppf\u00f6rsbacke till lilla Ica och det var jobbigt att dra honom upp&#8230; De tio kilona blev snarast till trettio. En kort bit [&hellip;]<\/p>\n","protected":false},"author":1,"featured_media":0,"comment_status":"open","ping_status":"open","sticky":false,"template":"","format":"standard","meta":[],"categories":[10,174],"tags":[],"_links":{"self":[{"href":"https:\/\/www.heljesten.nu\/index.php?rest_route=\/wp\/v2\/posts\/836"}],"collection":[{"href":"https:\/\/www.heljesten.nu\/index.php?rest_route=\/wp\/v2\/posts"}],"about":[{"href":"https:\/\/www.heljesten.nu\/index.php?rest_route=\/wp\/v2\/types\/post"}],"author":[{"embeddable":true,"href":"https:\/\/www.heljesten.nu\/index.php?rest_route=\/wp\/v2\/users\/1"}],"replies":[{"embeddable":true,"href":"https:\/\/www.heljesten.nu\/index.php?rest_route=%2Fwp%2Fv2%2Fcomments&post=836"}],"version-history":[{"count":0,"href":"https:\/\/www.heljesten.nu\/index.php?rest_route=\/wp\/v2\/posts\/836\/revisions"}],"wp:attachment":[{"href":"https:\/\/www.heljesten.nu\/index.php?rest_route=%2Fwp%2Fv2%2Fmedia&parent=836"}],"wp:term":[{"taxonomy":"category","embeddable":true,"href":"https:\/\/www.heljesten.nu\/index.php?rest_route=%2Fwp%2Fv2%2Fcategories&post=836"},{"taxonomy":"post_tag","embeddable":true,"href":"https:\/\/www.heljesten.nu\/index.php?rest_route=%2Fwp%2Fv2%2Ftags&post=836"}],"curies":[{"name":"wp","href":"https:\/\/api.w.org\/{rel}","templated":true}]}}