{"id":827,"date":"2010-01-05T09:29:00","date_gmt":"2010-01-05T08:29:00","guid":{"rendered":"http:\/\/www.heljesten.nu\/?p=827"},"modified":"2010-01-05T09:29:00","modified_gmt":"2010-01-05T08:29:00","slug":"siri-houdini-2","status":"publish","type":"post","link":"https:\/\/www.heljesten.nu\/?p=827","title":{"rendered":"Siri Houdini"},"content":{"rendered":"<p>Jag var rej\u00e4lt tr\u00f6tt ig\u00e5r kv\u00e4ll och lade mig r\u00e4tt tidigt. Hade nattat Kasper under sin fleecefilt i k\u00f6ket, d\u00e4r han verkade komma till ro direkt. Katten Siri var inst\u00e4ngd i tv\u00e4ttstugan med mat, vatten och l\u00e5da. S\u00e5 kom husse upp och lade sig ocks\u00e5 och det sk\u00e5nska huset kom till ro.<\/p>\n<p>Gissar att det var n\u00e5n timme senare&#8230;<\/p>\n<p>N\u00e5got attackerar handtaget till v\u00e5r st\u00e4ngda sovrumsd\u00f6rr. Sm\u00e4ll! Paus. Sm\u00e4ll!<br \/>Det var Siri Houdini som brutit sig ut ur tv\u00e4ttstugan och ville in i sovrummet d\u00e4r hon brukar sova. Husse \u00f6ppnade d\u00f6rren och vips hade jag en svart katt promenerandes vid min huvudkudde. Jag h\u00f6ll kvar katten s\u00e5 husse kunde ta den f\u00f6r ny deportation. <\/p>\n<p>Siri hade allts\u00e5 smugit f\u00f6rbi Kasper i k\u00f6ket utan att han m\u00e4rkte n\u00e5t&#8230; <\/p>\n<p>Nu har Siri g\u00f6mt sig n\u00e5nstans i tv\u00e4ttstugan, d\u00f6rren st\u00e5r p\u00e5 gl\u00e4nt i mitt synf\u00e4lt. T\u00e4nkte att hon kanske vill ut en sv\u00e4ng trots sn\u00f6andet. Kasper vill ideligen fram till d\u00f6rren, men n\u00e4r jag nejar v\u00e4nder han och f\u00e5r leka med kossan ist\u00e4llet. F\u00e5r se hur det h\u00e4r g\u00e5r&#8230;<\/p>\n","protected":false},"excerpt":{"rendered":"<p>Jag var rej\u00e4lt tr\u00f6tt ig\u00e5r kv\u00e4ll och lade mig r\u00e4tt tidigt. Hade nattat Kasper under sin fleecefilt i k\u00f6ket, d\u00e4r han verkade komma till ro direkt. Katten Siri var inst\u00e4ngd i tv\u00e4ttstugan med mat, vatten och l\u00e5da. S\u00e5 kom husse upp och lade sig ocks\u00e5 och det sk\u00e5nska huset kom till ro. Gissar att det [&hellip;]<\/p>\n","protected":false},"author":1,"featured_media":0,"comment_status":"open","ping_status":"open","sticky":false,"template":"","format":"standard","meta":[],"categories":[1],"tags":[],"_links":{"self":[{"href":"https:\/\/www.heljesten.nu\/index.php?rest_route=\/wp\/v2\/posts\/827"}],"collection":[{"href":"https:\/\/www.heljesten.nu\/index.php?rest_route=\/wp\/v2\/posts"}],"about":[{"href":"https:\/\/www.heljesten.nu\/index.php?rest_route=\/wp\/v2\/types\/post"}],"author":[{"embeddable":true,"href":"https:\/\/www.heljesten.nu\/index.php?rest_route=\/wp\/v2\/users\/1"}],"replies":[{"embeddable":true,"href":"https:\/\/www.heljesten.nu\/index.php?rest_route=%2Fwp%2Fv2%2Fcomments&post=827"}],"version-history":[{"count":0,"href":"https:\/\/www.heljesten.nu\/index.php?rest_route=\/wp\/v2\/posts\/827\/revisions"}],"wp:attachment":[{"href":"https:\/\/www.heljesten.nu\/index.php?rest_route=%2Fwp%2Fv2%2Fmedia&parent=827"}],"wp:term":[{"taxonomy":"category","embeddable":true,"href":"https:\/\/www.heljesten.nu\/index.php?rest_route=%2Fwp%2Fv2%2Fcategories&post=827"},{"taxonomy":"post_tag","embeddable":true,"href":"https:\/\/www.heljesten.nu\/index.php?rest_route=%2Fwp%2Fv2%2Ftags&post=827"}],"curies":[{"name":"wp","href":"https:\/\/api.w.org\/{rel}","templated":true}]}}