{"id":690,"date":"2010-06-10T20:22:00","date_gmt":"2010-06-10T18:22:00","guid":{"rendered":"http:\/\/www.heljesten.nu\/?p=690"},"modified":"2010-06-10T20:22:00","modified_gmt":"2010-06-10T18:22:00","slug":"nacken","status":"publish","type":"post","link":"https:\/\/www.heljesten.nu\/?p=690","title":{"rendered":"Nacken"},"content":{"rendered":"<p>Nu st\u00e5r det klart &#8211; det \u00e4r Nacken som kommer till oss. N\u00e4r jag h\u00e4lsade p\u00e5 sist pratade vi en del om han var alltf\u00f6r lugn. Jag vill ju \u00e5 ena sidan inte f\u00e5 en sv\u00e5rare hund \u00e4n vad jag klarar av, men \u00e5 andra sidan vill jag ju ha en hund med arbetsvilja och uth\u00e5llighet. Nu menar Anita att Nacken visade prov p\u00e5 just detta p\u00e5 7-veckorstestet och att han dessutom har en bra av- och p\u00e5-knapp. Tyv\u00e4rr har jag inga detaljer \u00e4n, men jag litar p\u00e5 att Anita valt ut den f\u00f6r mig perfekta hunden.<br \/>Nacken hade ocks\u00e5 den goda smaken att sova med huvudet uppkilat mellan mina h\u00e4lar n\u00e4r vi tr\u00e4ffades sist, s\u00e5 vi har redan b\u00f6rjat bekanta oss med varandra. \u00a0<\/p>\n","protected":false},"excerpt":{"rendered":"<p>Nu st\u00e5r det klart &#8211; det \u00e4r Nacken som kommer till oss. N\u00e4r jag h\u00e4lsade p\u00e5 sist pratade vi en del om han var alltf\u00f6r lugn. Jag vill ju \u00e5 ena sidan inte f\u00e5 en sv\u00e5rare hund \u00e4n vad jag klarar av, men \u00e5 andra sidan vill jag ju ha en hund med arbetsvilja och [&hellip;]<\/p>\n","protected":false},"author":1,"featured_media":0,"comment_status":"open","ping_status":"open","sticky":false,"template":"","format":"standard","meta":[],"categories":[1],"tags":[],"_links":{"self":[{"href":"https:\/\/www.heljesten.nu\/index.php?rest_route=\/wp\/v2\/posts\/690"}],"collection":[{"href":"https:\/\/www.heljesten.nu\/index.php?rest_route=\/wp\/v2\/posts"}],"about":[{"href":"https:\/\/www.heljesten.nu\/index.php?rest_route=\/wp\/v2\/types\/post"}],"author":[{"embeddable":true,"href":"https:\/\/www.heljesten.nu\/index.php?rest_route=\/wp\/v2\/users\/1"}],"replies":[{"embeddable":true,"href":"https:\/\/www.heljesten.nu\/index.php?rest_route=%2Fwp%2Fv2%2Fcomments&post=690"}],"version-history":[{"count":0,"href":"https:\/\/www.heljesten.nu\/index.php?rest_route=\/wp\/v2\/posts\/690\/revisions"}],"wp:attachment":[{"href":"https:\/\/www.heljesten.nu\/index.php?rest_route=%2Fwp%2Fv2%2Fmedia&parent=690"}],"wp:term":[{"taxonomy":"category","embeddable":true,"href":"https:\/\/www.heljesten.nu\/index.php?rest_route=%2Fwp%2Fv2%2Fcategories&post=690"},{"taxonomy":"post_tag","embeddable":true,"href":"https:\/\/www.heljesten.nu\/index.php?rest_route=%2Fwp%2Fv2%2Ftags&post=690"}],"curies":[{"name":"wp","href":"https:\/\/api.w.org\/{rel}","templated":true}]}}