{"id":674,"date":"2010-06-19T11:00:00","date_gmt":"2010-06-19T09:00:00","guid":{"rendered":"http:\/\/www.heljesten.nu\/?p=674"},"modified":"2010-06-19T11:00:00","modified_gmt":"2010-06-19T09:00:00","slug":"de-borjar-vanja-sig","status":"publish","type":"post","link":"https:\/\/www.heljesten.nu\/?p=674","title":{"rendered":"De b\u00f6rjar v\u00e4nja sig"},"content":{"rendered":"<p>Nu tycker jag att b\u00e5da hundarna b\u00f6rjar v\u00e4nja sig vd varandra. Det k\u00e4nns som att leken (oftast) b\u00f6rjar bli mer balanserad, \u00e5t b\u00e5da h\u00e5llen. Det \u00e4r l\u00e4tt h\u00e4nt att man tror att det \u00e4r Kasper som b\u00f6rjar, och som h\u00e4rjar f\u00f6r mycket. Men ibland n\u00e4r jag kallat upp honom p\u00e5 s\u00e4ngen i k\u00f6ket s\u00e5 m\u00e4rker jag att det \u00e4r lillen nere p\u00e5 golvet som triggar. Han \u00e4r genast d\u00e4r och retas och vill ha ig\u00e5ng Kasper igen. N\u00e4r det blir v\u00e4l intensivt g\u00f6r jag en liten kort timeout och andh\u00e4mtningspaus f\u00f6r b\u00e5da, innan de sl\u00e4pps ig\u00e5ng igen. Och ibland slutar de faktiskt av sig sj\u00e4lva.<br \/>Jag m\u00e4rker ocks\u00e5 att Kasper mycket uppskattar att f\u00e5 en egen stund med matte. Han \u00e4r hur bra och uppm\u00e4rksam som helst n\u00e4r vi g\u00e5r p\u00e5 promenad. I morse passerade vi en grusplan och stannade och tr\u00e4nade lite. Ryggfickan \u00e4r ju s\u00e5 bra att jag kan ha musmatta, leksaker\u00a0och targetstick med mig utan att knappt m\u00e4rka av det. B\u00f6rjade med lite frivilligt spring till musmattan p\u00e5 kanske fem meters avst\u00e5nd. Sen k\u00f6rde jag lite targetstick d\u00e4r jag f\u00f6rs\u00f6ker f\u00e5 honom att g\u00e5 mellan mina ben, slalom vartannat steg. Men jag \u00e4r nog lite klumpig sj\u00e4lv, har ingen bra teknik f\u00f6r hur jag ska flytta pinnen mellan varje steg jag tar fram\u00e5t, vilket givetvis h\u00e4mmar Kasper och s\u00e4nker hans f\u00f6rst\u00e5else f\u00f6r vad vi ska g\u00f6ra. N\u00e5n som lyckats riktigt bra med detta moment och kan komma med n\u00e5got bra tips?<br \/>Sen k\u00f6rde jag apport n\u00e5gra g\u00e5nger med en gummileksak, varp\u00e5 vi kampade lite om den och han fick springa och h\u00e4mta p\u00e5 lek. Sen fick han g\u00e5 l\u00f6s hela v\u00e4gen hem och gjorde det med den \u00e4ran.<br \/>Nu p\u00e5 f\u00f6rmiddagen har jag provat ut en av Kaspers avlagda selar som faktiskt sitter bra p\u00e5 Lakrits. Det var v\u00e4ldans sprattligt att s\u00e4tta p\u00e5 den, men n\u00e4r den v\u00e4l var p\u00e5 s\u00e5 sprang han\u00a0runt utan att vara det minsta irriterad av det konstiga p\u00e5 kroppen. Vi var ute p\u00e5 gr\u00e4smattan mot de andra husen och r\u00e4tt var det var kom grannhunden Simba s\u00e4ttandes. Han \u00e4r snart sju \u00e5r, s\u00e5 deras lek var v\u00e4sentligt lugnare \u00e4n med Kasper. Men det k\u00e4nns bra att de har tr\u00e4ffats och bekantat sig med varandra. Sedan kom flera grannar och n\u00e4sta grannes katt. M\u00e4nniskorna ville Lakrits g\u00e4rna h\u00e4lsa p\u00e5, men katten och han stannade kanske fem meter ifr\u00e5n varann och bara stod och tittade. Sen gick katten in till sig igen. Vi l\u00e4r f\u00e5 se mer av den, men det \u00e4r en r\u00e4tt cool katt, s\u00e5 jag tror att de kommer att kunna hantera varann bra p\u00e5 g\u00e5rdsplanen. Husse filmade en snutt av granntr\u00e4ffen med sin iphone, f\u00e5r se om jag kan f\u00e5 upp den filmen senare.<\/p>\n","protected":false},"excerpt":{"rendered":"<p>Nu tycker jag att b\u00e5da hundarna b\u00f6rjar v\u00e4nja sig vd varandra. Det k\u00e4nns som att leken (oftast) b\u00f6rjar bli mer balanserad, \u00e5t b\u00e5da h\u00e5llen. Det \u00e4r l\u00e4tt h\u00e4nt att man tror att det \u00e4r Kasper som b\u00f6rjar, och som h\u00e4rjar f\u00f6r mycket. Men ibland n\u00e4r jag kallat upp honom p\u00e5 s\u00e4ngen i k\u00f6ket s\u00e5 m\u00e4rker [&hellip;]<\/p>\n","protected":false},"author":1,"featured_media":0,"comment_status":"open","ping_status":"open","sticky":false,"template":"","format":"standard","meta":[],"categories":[10,3,116,139],"tags":[],"_links":{"self":[{"href":"https:\/\/www.heljesten.nu\/index.php?rest_route=\/wp\/v2\/posts\/674"}],"collection":[{"href":"https:\/\/www.heljesten.nu\/index.php?rest_route=\/wp\/v2\/posts"}],"about":[{"href":"https:\/\/www.heljesten.nu\/index.php?rest_route=\/wp\/v2\/types\/post"}],"author":[{"embeddable":true,"href":"https:\/\/www.heljesten.nu\/index.php?rest_route=\/wp\/v2\/users\/1"}],"replies":[{"embeddable":true,"href":"https:\/\/www.heljesten.nu\/index.php?rest_route=%2Fwp%2Fv2%2Fcomments&post=674"}],"version-history":[{"count":0,"href":"https:\/\/www.heljesten.nu\/index.php?rest_route=\/wp\/v2\/posts\/674\/revisions"}],"wp:attachment":[{"href":"https:\/\/www.heljesten.nu\/index.php?rest_route=%2Fwp%2Fv2%2Fmedia&parent=674"}],"wp:term":[{"taxonomy":"category","embeddable":true,"href":"https:\/\/www.heljesten.nu\/index.php?rest_route=%2Fwp%2Fv2%2Fcategories&post=674"},{"taxonomy":"post_tag","embeddable":true,"href":"https:\/\/www.heljesten.nu\/index.php?rest_route=%2Fwp%2Fv2%2Ftags&post=674"}],"curies":[{"name":"wp","href":"https:\/\/api.w.org\/{rel}","templated":true}]}}