{"id":503,"date":"2011-01-23T15:31:00","date_gmt":"2011-01-23T14:31:00","guid":{"rendered":"http:\/\/www.heljesten.nu\/?p=503"},"modified":"2011-01-23T15:31:00","modified_gmt":"2011-01-23T14:31:00","slug":"lacke-njuter-ocksa","status":"publish","type":"post","link":"https:\/\/www.heljesten.nu\/?p=503","title":{"rendered":"Lacke njuter ocks\u00e5"},"content":{"rendered":"<div><a href=\"http:\/\/1.bp.blogspot.com\/_GkK1i6dbjdc\/TTw75aHRZ6I\/AAAAAAAAC50\/mHiyHKk7Kyw\/s1600\/bild-725303.JPG\"><img decoding=\"async\" alt=\"\" border=\"0\" id=\"BLOGGER_PHOTO_ID_5565389096971495330\" src=\"http:\/\/1.bp.blogspot.com\/_GkK1i6dbjdc\/TTw75aHRZ6I\/AAAAAAAAC50\/mHiyHKk7Kyw\/s320\/bild-725303.JPG\" \/><\/a><\/div>\n<div>Svart labbe g\u00f6r sig *inte* p\u00e5 motljusfoton med mobilkameran. Men \u00e4nd\u00e5. Man ser hur h\u00e4rligt vi hade det, eller hur?<\/div>\n","protected":false},"excerpt":{"rendered":"<p>Svart labbe g\u00f6r sig *inte* p\u00e5 motljusfoton med mobilkameran. Men \u00e4nd\u00e5. Man ser hur h\u00e4rligt vi hade det, eller hur?<\/p>\n","protected":false},"author":1,"featured_media":0,"comment_status":"open","ping_status":"open","sticky":false,"template":"","format":"standard","meta":[],"categories":[3],"tags":[],"_links":{"self":[{"href":"https:\/\/www.heljesten.nu\/index.php?rest_route=\/wp\/v2\/posts\/503"}],"collection":[{"href":"https:\/\/www.heljesten.nu\/index.php?rest_route=\/wp\/v2\/posts"}],"about":[{"href":"https:\/\/www.heljesten.nu\/index.php?rest_route=\/wp\/v2\/types\/post"}],"author":[{"embeddable":true,"href":"https:\/\/www.heljesten.nu\/index.php?rest_route=\/wp\/v2\/users\/1"}],"replies":[{"embeddable":true,"href":"https:\/\/www.heljesten.nu\/index.php?rest_route=%2Fwp%2Fv2%2Fcomments&post=503"}],"version-history":[{"count":0,"href":"https:\/\/www.heljesten.nu\/index.php?rest_route=\/wp\/v2\/posts\/503\/revisions"}],"wp:attachment":[{"href":"https:\/\/www.heljesten.nu\/index.php?rest_route=%2Fwp%2Fv2%2Fmedia&parent=503"}],"wp:term":[{"taxonomy":"category","embeddable":true,"href":"https:\/\/www.heljesten.nu\/index.php?rest_route=%2Fwp%2Fv2%2Fcategories&post=503"},{"taxonomy":"post_tag","embeddable":true,"href":"https:\/\/www.heljesten.nu\/index.php?rest_route=%2Fwp%2Fv2%2Ftags&post=503"}],"curies":[{"name":"wp","href":"https:\/\/api.w.org\/{rel}","templated":true}]}}