{"id":422,"date":"2011-05-11T13:32:00","date_gmt":"2011-05-11T11:32:00","guid":{"rendered":"http:\/\/www.heljesten.nu\/?p=422"},"modified":"2011-05-11T13:32:00","modified_gmt":"2011-05-11T11:32:00","slug":"varmdo-varkollo-och-vardbehov","status":"publish","type":"post","link":"https:\/\/www.heljesten.nu\/?p=422","title":{"rendered":"V\u00e4rmd\u00f6, v\u00e5rkollo och v\u00e5rdbehov"},"content":{"rendered":"<p>I m\u00e5ndags \u00e5kte husse, jag och hundarna till V\u00e4rmd\u00f6 f\u00f6r att h\u00e4lsa p\u00e5 Anette och keesarna. Vi valde v\u00e4gen \u00f6ver Vaxholm eftersom den \u00e4r s\u00e5 vacker och rogivande. Ingen direkt v\u00e4ntan p\u00e5 f\u00e4rjorna heller.<br \/>Planen \u00e4r att hundarna ska f\u00e5 bo hos Anette medan vi \u00e5ker till Grekland i juni och vi ville d\u00e4rf\u00f6r l\u00e5ta hundarna bekanta sig lite mer med varandra innan dess. Kasper har ju tr\u00e4ffat Vagabond och Kinke f\u00f6rut, men Lakrits har m\u00f6jligen nosat p\u00e5 n\u00e5gon av dem n\u00e5gon g\u00e5ng som valp, men inte mer \u00e4n s\u00e5.<br \/>Vi b\u00f6rjade med en promenad i omgivningen, som ledde oss f\u00f6rbi en granne med hundar och get. De brukar ofta ha s\u00e4llskap med Anette p\u00e5 promenaderna, s\u00e5 det var ju l\u00e4ge att h\u00e4lsa lite p\u00e5 dem ocks\u00e5.<\/p>\n<div style=\"clear: both; text-align: center;\"><a href=\"http:\/\/4.bp.blogspot.com\/-Cs2N4EaOSeM\/Tcp-AA0YqII\/AAAAAAAADA8\/8ZTGC440K1Y\/s1600\/_MG_0450.jpg\" style=\"margin-left: 1em; margin-right: 1em;\"><img decoding=\"async\" loading=\"lazy\" border=\"0\" height=\"318\" src=\"http:\/\/4.bp.blogspot.com\/-Cs2N4EaOSeM\/Tcp-AA0YqII\/AAAAAAAADA8\/8ZTGC440K1Y\/s320\/_MG_0450.jpg\" width=\"320\" \/><\/a><\/div>\n<div style=\"clear: both; text-align: center;\"><i>Geten brukar h\u00e4nga med p\u00e5 hundpromenaderna.<\/i><\/div>\n<p><\/p>\n<div style=\"clear: both; text-align: center;\"><a href=\"http:\/\/3.bp.blogspot.com\/-xJnHNNxeCkE\/Tcp-CQQ_2cI\/AAAAAAAADBA\/SdAtf_YCLqg\/s1600\/_MG_0455.jpg\" style=\"margin-left: 1em; margin-right: 1em;\"><img decoding=\"async\" loading=\"lazy\" border=\"0\" height=\"320\" src=\"http:\/\/3.bp.blogspot.com\/-xJnHNNxeCkE\/Tcp-CQQ_2cI\/AAAAAAAADBA\/SdAtf_YCLqg\/s320\/_MG_0455.jpg\" width=\"264\" \/><\/a><\/div>\n<div style=\"clear: both; text-align: center;\"><i>En av keesarna.<\/i><\/div>\n<p><\/p>\n<div style=\"clear: both; text-align: center;\"><a href=\"http:\/\/2.bp.blogspot.com\/-nLCeEZ_Zwkg\/Tcp-FuszXgI\/AAAAAAAADBE\/h-pGLJIq8VE\/s1600\/_MG_0469.jpg\" style=\"margin-left: 1em; margin-right: 1em;\"><img decoding=\"async\" loading=\"lazy\" border=\"0\" height=\"219\" src=\"http:\/\/2.bp.blogspot.com\/-nLCeEZ_Zwkg\/Tcp-FuszXgI\/AAAAAAAADBE\/h-pGLJIq8VE\/s320\/_MG_0469.jpg\" width=\"320\" \/><\/a><\/div>\n<div style=\"clear: both; text-align: center;\"><i>Hela menageriet som Kasper och Lakrits ska f\u00e5 lattja med i sommar.<\/i><\/div>\n<p><\/p>\n<div style=\"clear: both; text-align: center;\"><a href=\"http:\/\/2.bp.blogspot.com\/-G0F8soSO7RM\/Tcp-IK6jIbI\/AAAAAAAADBI\/-1EQ3BNaBZ4\/s1600\/_MG_0491.jpg\" style=\"margin-left: 1em; margin-right: 1em;\"><img decoding=\"async\" loading=\"lazy\" border=\"0\" height=\"213\" src=\"http:\/\/2.bp.blogspot.com\/-G0F8soSO7RM\/Tcp-IK6jIbI\/AAAAAAAADBI\/-1EQ3BNaBZ4\/s320\/_MG_0491.jpg\" width=\"320\" \/><\/a><\/div>\n<div style=\"clear: both; text-align: center;\"><i>Den ultrasmala hunden \u00e4r allvarligt sjuk, varf\u00f6r vi inte gick supern\u00e4ra f\u00f6r att inte irritera.<\/i><\/div>\n<p><\/p>\n<div style=\"clear: both; text-align: center;\"><a href=\"http:\/\/4.bp.blogspot.com\/-q7HCgp6n_sU\/Tcp-JqaGC-I\/AAAAAAAADBM\/y3uwlmVOgNY\/s1600\/_MG_0494.jpg\" style=\"margin-left: 1em; margin-right: 1em;\"><img decoding=\"async\" loading=\"lazy\" border=\"0\" height=\"256\" src=\"http:\/\/4.bp.blogspot.com\/-q7HCgp6n_sU\/Tcp-JqaGC-I\/AAAAAAAADBM\/y3uwlmVOgNY\/s320\/_MG_0494.jpg\" width=\"320\" \/><\/a><\/div>\n<div style=\"clear: both; text-align: center;\"><i>Wow, vilken benkorg! Grabbarna kommer att vara fullt sysselsatta.<\/i><\/div>\n<p>Hos Anette passade jag p\u00e5 att prova hennes dubbla Mim-bur. Den var uppskattningsvis 40+40 cm och Lakrits kunde med viss m\u00f6da v\u00e4nda sig d\u00e4rinne och kunde inte ha huvudet fullt upp. Jag har nu ist\u00e4llet best\u00e4llt en 60 cm enkelbur fr\u00e5n Robust som jag r\u00e4knar med att b\u00e5da kan rymmas i. D\u00e5 blir det lite lastningsutrymme p\u00e5 sidan och man kan f\u00e4lla baks\u00e4tets lilla del om man ska transportera n\u00e5got l\u00e5ngt. Hoppas det blir bra. Ca 14 dagars leveranstid p\u00e5 den.<\/p>\n<div style=\"clear: both; text-align: center;\"><a href=\"http:\/\/1.bp.blogspot.com\/-5_7110roMgI\/TcqBRh-3ZtI\/AAAAAAAADBQ\/i2Kg9-WK3Jk\/s1600\/_MG_0539.jpg\" style=\"margin-left: 1em; margin-right: 1em;\"><img decoding=\"async\" loading=\"lazy\" border=\"0\" height=\"262\" src=\"http:\/\/1.bp.blogspot.com\/-5_7110roMgI\/TcqBRh-3ZtI\/AAAAAAAADBQ\/i2Kg9-WK3Jk\/s320\/_MG_0539.jpg\" width=\"320\" \/><\/a><\/div>\n<div style=\"text-align: center;\">\u00a0<i>Kasper i slicketagen.<\/i><\/div>\n<p>P\u00e5 tisdagen l\u00e4mnade Rolf av Lakrits p\u00e5 v\u00e5rkollo hos b\u00e4sta kennelmamman. Den f\u00f6rsta rapporten gav vid handen att han anpassat sig fint och h\u00f6ll en l\u00e5g profil. Smart kille. Anledningen till att han ska vara hos dem ett tag \u00e4r att jag ikv\u00e4ll \u00e5ker in till KS f\u00f6r bukoperation imorgon bitti. Jag har med mig lilldatorn och uppdaterar l\u00e4get i m\u00e5n av m\u00f6jlighet och ork.<\/p>\n<div style=\"clear: both; text-align: center;\"><a href=\"http:\/\/3.bp.blogspot.com\/-dJMQMKpB0KY\/TcqBSS5EHII\/AAAAAAAADBU\/oiN6FE7Fv2Q\/s1600\/_MG_0544.jpg\" style=\"margin-left: 1em; margin-right: 1em;\"><img decoding=\"async\" loading=\"lazy\" border=\"0\" height=\"320\" src=\"http:\/\/3.bp.blogspot.com\/-dJMQMKpB0KY\/TcqBSS5EHII\/AAAAAAAADBU\/oiN6FE7Fv2Q\/s320\/_MG_0544.jpg\" width=\"284\" \/><\/a><\/div>\n<div style=\"text-align: center;\"><i>Kan vampyrt\u00e4nder v\u00e4xa upp underifr\u00e5n?<\/i><\/div>\n","protected":false},"excerpt":{"rendered":"<p>I m\u00e5ndags \u00e5kte husse, jag och hundarna till V\u00e4rmd\u00f6 f\u00f6r att h\u00e4lsa p\u00e5 Anette och keesarna. Vi valde v\u00e4gen \u00f6ver Vaxholm eftersom den \u00e4r s\u00e5 vacker och rogivande. Ingen direkt v\u00e4ntan p\u00e5 f\u00e4rjorna heller.Planen \u00e4r att hundarna ska f\u00e5 bo hos Anette medan vi \u00e5ker till Grekland i juni och vi ville d\u00e4rf\u00f6r l\u00e5ta hundarna [&hellip;]<\/p>\n","protected":false},"author":1,"featured_media":0,"comment_status":"open","ping_status":"open","sticky":false,"template":"","format":"standard","meta":[],"categories":[10,96,3,91,95],"tags":[],"_links":{"self":[{"href":"https:\/\/www.heljesten.nu\/index.php?rest_route=\/wp\/v2\/posts\/422"}],"collection":[{"href":"https:\/\/www.heljesten.nu\/index.php?rest_route=\/wp\/v2\/posts"}],"about":[{"href":"https:\/\/www.heljesten.nu\/index.php?rest_route=\/wp\/v2\/types\/post"}],"author":[{"embeddable":true,"href":"https:\/\/www.heljesten.nu\/index.php?rest_route=\/wp\/v2\/users\/1"}],"replies":[{"embeddable":true,"href":"https:\/\/www.heljesten.nu\/index.php?rest_route=%2Fwp%2Fv2%2Fcomments&post=422"}],"version-history":[{"count":0,"href":"https:\/\/www.heljesten.nu\/index.php?rest_route=\/wp\/v2\/posts\/422\/revisions"}],"wp:attachment":[{"href":"https:\/\/www.heljesten.nu\/index.php?rest_route=%2Fwp%2Fv2%2Fmedia&parent=422"}],"wp:term":[{"taxonomy":"category","embeddable":true,"href":"https:\/\/www.heljesten.nu\/index.php?rest_route=%2Fwp%2Fv2%2Fcategories&post=422"},{"taxonomy":"post_tag","embeddable":true,"href":"https:\/\/www.heljesten.nu\/index.php?rest_route=%2Fwp%2Fv2%2Ftags&post=422"}],"curies":[{"name":"wp","href":"https:\/\/api.w.org\/{rel}","templated":true}]}}