{"id":3567,"date":"2013-12-08T14:20:00","date_gmt":"2013-12-08T13:20:00","guid":{"rendered":"http:\/\/www.heljesten.nu\/?p=3567"},"modified":"2013-12-08T14:20:00","modified_gmt":"2013-12-08T13:20:00","slug":"176-levnadsglad-315365","status":"publish","type":"post","link":"https:\/\/www.heljesten.nu\/?p=3567","title":{"rendered":"176 Levnadsglad \u2013 315(365)"},"content":{"rendered":"<p><a href=\"http:\/\/www.heljesten.nu\/wp-content\/uploads\/2013\/12\/176_Levnadsglad_315-365.jpg\"><img decoding=\"async\" loading=\"lazy\" class=\"aligncenter size-large wp-image-3568\" alt=\"176_Levnadsglad_315-365\" src=\"http:\/\/www.heljesten.nu\/wp-content\/uploads\/2013\/12\/176_Levnadsglad_315-365-682x1024.jpg\" width=\"640\" height=\"960\" srcset=\"https:\/\/www.heljesten.nu\/wp-content\/uploads\/2013\/12\/176_Levnadsglad_315-365-682x1024.jpg 682w, https:\/\/www.heljesten.nu\/wp-content\/uploads\/2013\/12\/176_Levnadsglad_315-365-200x300.jpg 200w, https:\/\/www.heljesten.nu\/wp-content\/uploads\/2013\/12\/176_Levnadsglad_315-365.jpg 1584w\" sizes=\"(max-width: 640px) 100vw, 640px\" \/><\/a>En levnadsglad labrador p\u00e5 ing\u00e5ng och en dito g\u00e5rdshund som tycker livet g\u00e5r ut p\u00e5 att f\u00e5 lukta p\u00e5 alla sp\u00e4nnande dofter i v\u00e4rlden.<\/p>\n<p>Bilden \u00e4r tagen med 1\/50-dels sekund, f 9,0 och ISO 1000 med zoomet p\u00e5 18 mm.<\/p>\n","protected":false},"excerpt":{"rendered":"<p>En levnadsglad labrador p\u00e5 ing\u00e5ng och en dito g\u00e5rdshund som tycker livet g\u00e5r ut p\u00e5 att f\u00e5 lukta p\u00e5 alla sp\u00e4nnande dofter i v\u00e4rlden. Bilden \u00e4r tagen med 1\/50-dels sekund, f 9,0 och ISO 1000 med zoomet p\u00e5 18 mm.<\/p>\n","protected":false},"author":1,"featured_media":0,"comment_status":"open","ping_status":"open","sticky":false,"template":"","format":"standard","meta":[],"categories":[235],"tags":[],"_links":{"self":[{"href":"https:\/\/www.heljesten.nu\/index.php?rest_route=\/wp\/v2\/posts\/3567"}],"collection":[{"href":"https:\/\/www.heljesten.nu\/index.php?rest_route=\/wp\/v2\/posts"}],"about":[{"href":"https:\/\/www.heljesten.nu\/index.php?rest_route=\/wp\/v2\/types\/post"}],"author":[{"embeddable":true,"href":"https:\/\/www.heljesten.nu\/index.php?rest_route=\/wp\/v2\/users\/1"}],"replies":[{"embeddable":true,"href":"https:\/\/www.heljesten.nu\/index.php?rest_route=%2Fwp%2Fv2%2Fcomments&post=3567"}],"version-history":[{"count":1,"href":"https:\/\/www.heljesten.nu\/index.php?rest_route=\/wp\/v2\/posts\/3567\/revisions"}],"predecessor-version":[{"id":3569,"href":"https:\/\/www.heljesten.nu\/index.php?rest_route=\/wp\/v2\/posts\/3567\/revisions\/3569"}],"wp:attachment":[{"href":"https:\/\/www.heljesten.nu\/index.php?rest_route=%2Fwp%2Fv2%2Fmedia&parent=3567"}],"wp:term":[{"taxonomy":"category","embeddable":true,"href":"https:\/\/www.heljesten.nu\/index.php?rest_route=%2Fwp%2Fv2%2Fcategories&post=3567"},{"taxonomy":"post_tag","embeddable":true,"href":"https:\/\/www.heljesten.nu\/index.php?rest_route=%2Fwp%2Fv2%2Ftags&post=3567"}],"curies":[{"name":"wp","href":"https:\/\/api.w.org\/{rel}","templated":true}]}}