{"id":3483,"date":"2013-12-03T14:25:17","date_gmt":"2013-12-03T13:25:17","guid":{"rendered":"http:\/\/www.heljesten.nu\/?p=3483"},"modified":"2013-12-03T14:25:17","modified_gmt":"2013-12-03T13:25:17","slug":"195-minimalistiskt-288365","status":"publish","type":"post","link":"https:\/\/www.heljesten.nu\/?p=3483","title":{"rendered":"195 Minimalistiskt \u2013 288(365)"},"content":{"rendered":"<p><a href=\"http:\/\/www.heljesten.nu\/wp-content\/uploads\/2013\/12\/195_Minimalistiskt_288-365.jpg\"><img decoding=\"async\" loading=\"lazy\" class=\"aligncenter size-large wp-image-3484\" alt=\"195_Minimalistiskt_288-365\" src=\"http:\/\/www.heljesten.nu\/wp-content\/uploads\/2013\/12\/195_Minimalistiskt_288-365-682x1024.jpg\" width=\"640\" height=\"960\" srcset=\"https:\/\/www.heljesten.nu\/wp-content\/uploads\/2013\/12\/195_Minimalistiskt_288-365-682x1024.jpg 682w, https:\/\/www.heljesten.nu\/wp-content\/uploads\/2013\/12\/195_Minimalistiskt_288-365-200x300.jpg 200w, https:\/\/www.heljesten.nu\/wp-content\/uploads\/2013\/12\/195_Minimalistiskt_288-365.jpg 1584w\" sizes=\"(max-width: 640px) 100vw, 640px\" \/><\/a>Det blir ett ganska minimalistiskt juldekorerat hus h\u00e4r. Den lilla halmstj\u00e4rnan fick iallafall komma upp.<\/p>\n<p>Bilden \u00e4r tagen med 1\/125-dels sekund, f 6,3, ISO 400 med zoomet p\u00e5 149 mm.<\/p>\n","protected":false},"excerpt":{"rendered":"<p>Det blir ett ganska minimalistiskt juldekorerat hus h\u00e4r. Den lilla halmstj\u00e4rnan fick iallafall komma upp. Bilden \u00e4r tagen med 1\/125-dels sekund, f 6,3, ISO 400 med zoomet p\u00e5 149 mm.<\/p>\n","protected":false},"author":1,"featured_media":0,"comment_status":"open","ping_status":"open","sticky":false,"template":"","format":"standard","meta":[],"categories":[235],"tags":[],"_links":{"self":[{"href":"https:\/\/www.heljesten.nu\/index.php?rest_route=\/wp\/v2\/posts\/3483"}],"collection":[{"href":"https:\/\/www.heljesten.nu\/index.php?rest_route=\/wp\/v2\/posts"}],"about":[{"href":"https:\/\/www.heljesten.nu\/index.php?rest_route=\/wp\/v2\/types\/post"}],"author":[{"embeddable":true,"href":"https:\/\/www.heljesten.nu\/index.php?rest_route=\/wp\/v2\/users\/1"}],"replies":[{"embeddable":true,"href":"https:\/\/www.heljesten.nu\/index.php?rest_route=%2Fwp%2Fv2%2Fcomments&post=3483"}],"version-history":[{"count":1,"href":"https:\/\/www.heljesten.nu\/index.php?rest_route=\/wp\/v2\/posts\/3483\/revisions"}],"predecessor-version":[{"id":3485,"href":"https:\/\/www.heljesten.nu\/index.php?rest_route=\/wp\/v2\/posts\/3483\/revisions\/3485"}],"wp:attachment":[{"href":"https:\/\/www.heljesten.nu\/index.php?rest_route=%2Fwp%2Fv2%2Fmedia&parent=3483"}],"wp:term":[{"taxonomy":"category","embeddable":true,"href":"https:\/\/www.heljesten.nu\/index.php?rest_route=%2Fwp%2Fv2%2Fcategories&post=3483"},{"taxonomy":"post_tag","embeddable":true,"href":"https:\/\/www.heljesten.nu\/index.php?rest_route=%2Fwp%2Fv2%2Ftags&post=3483"}],"curies":[{"name":"wp","href":"https:\/\/api.w.org\/{rel}","templated":true}]}}