{"id":3351,"date":"2013-11-17T18:01:54","date_gmt":"2013-11-17T17:01:54","guid":{"rendered":"http:\/\/www.heljesten.nu\/?p=3351"},"modified":"2013-11-17T18:01:54","modified_gmt":"2013-11-17T17:01:54","slug":"377-hast-och-vagn-eget-tema-245365","status":"publish","type":"post","link":"https:\/\/www.heljesten.nu\/?p=3351","title":{"rendered":"377 H\u00e4st och vagn (eget tema) &#8211; 245(365)"},"content":{"rendered":"<p><a href=\"http:\/\/www.heljesten.nu\/wp-content\/uploads\/2013\/11\/377_H\u00e4st_och_vagn_245-365.jpg\"><img decoding=\"async\" loading=\"lazy\" class=\"aligncenter size-large wp-image-3352\" alt=\"377_H\u00e4st_och_vagn_245-365\" src=\"http:\/\/www.heljesten.nu\/wp-content\/uploads\/2013\/11\/377_H\u00e4st_och_vagn_245-365-1024x670.jpg\" width=\"640\" height=\"418\" srcset=\"https:\/\/www.heljesten.nu\/wp-content\/uploads\/2013\/11\/377_H\u00e4st_och_vagn_245-365-1024x670.jpg 1024w, https:\/\/www.heljesten.nu\/wp-content\/uploads\/2013\/11\/377_H\u00e4st_och_vagn_245-365-300x196.jpg 300w, https:\/\/www.heljesten.nu\/wp-content\/uploads\/2013\/11\/377_H\u00e4st_och_vagn_245-365-458x300.jpg 458w\" sizes=\"(max-width: 640px) 100vw, 640px\" \/><\/a>En riktigt texas-amerikansk h\u00e4st och vagn deltog i paraden till f\u00f6rm\u00e5n f\u00f6r Prisoners of War.<\/p>\n<p>Bilden \u00e4r tagen med mobilen.<\/p>\n","protected":false},"excerpt":{"rendered":"<p>En riktigt texas-amerikansk h\u00e4st och vagn deltog i paraden till f\u00f6rm\u00e5n f\u00f6r Prisoners of War. Bilden \u00e4r tagen med mobilen.<\/p>\n","protected":false},"author":1,"featured_media":0,"comment_status":"open","ping_status":"open","sticky":false,"template":"","format":"standard","meta":[],"categories":[235],"tags":[],"_links":{"self":[{"href":"https:\/\/www.heljesten.nu\/index.php?rest_route=\/wp\/v2\/posts\/3351"}],"collection":[{"href":"https:\/\/www.heljesten.nu\/index.php?rest_route=\/wp\/v2\/posts"}],"about":[{"href":"https:\/\/www.heljesten.nu\/index.php?rest_route=\/wp\/v2\/types\/post"}],"author":[{"embeddable":true,"href":"https:\/\/www.heljesten.nu\/index.php?rest_route=\/wp\/v2\/users\/1"}],"replies":[{"embeddable":true,"href":"https:\/\/www.heljesten.nu\/index.php?rest_route=%2Fwp%2Fv2%2Fcomments&post=3351"}],"version-history":[{"count":1,"href":"https:\/\/www.heljesten.nu\/index.php?rest_route=\/wp\/v2\/posts\/3351\/revisions"}],"predecessor-version":[{"id":3353,"href":"https:\/\/www.heljesten.nu\/index.php?rest_route=\/wp\/v2\/posts\/3351\/revisions\/3353"}],"wp:attachment":[{"href":"https:\/\/www.heljesten.nu\/index.php?rest_route=%2Fwp%2Fv2%2Fmedia&parent=3351"}],"wp:term":[{"taxonomy":"category","embeddable":true,"href":"https:\/\/www.heljesten.nu\/index.php?rest_route=%2Fwp%2Fv2%2Fcategories&post=3351"},{"taxonomy":"post_tag","embeddable":true,"href":"https:\/\/www.heljesten.nu\/index.php?rest_route=%2Fwp%2Fv2%2Ftags&post=3351"}],"curies":[{"name":"wp","href":"https:\/\/api.w.org\/{rel}","templated":true}]}}