{"id":332,"date":"2011-09-17T13:28:00","date_gmt":"2011-09-17T11:28:00","guid":{"rendered":"http:\/\/www.heljesten.nu\/?p=332"},"modified":"2011-09-17T13:28:00","modified_gmt":"2011-09-17T11:28:00","slug":"km-i-rallylydnad-2011","status":"publish","type":"post","link":"https:\/\/www.heljesten.nu\/?p=332","title":{"rendered":"KM i rallylydnad 2011"},"content":{"rendered":"<div><a href=\"http:\/\/1.bp.blogspot.com\/-GKbi3PSMFzI\/TnSSIFOyKqI\/AAAAAAAADPc\/ho0soAosODI\/s1600\/Photo1-731719.jpg\"><img decoding=\"async\" loading=\"lazy\" alt=\"\" border=\"0\" height=\"480\" id=\"BLOGGER_PHOTO_ID_5653304099797609122\" src=\"http:\/\/1.bp.blogspot.com\/-GKbi3PSMFzI\/TnSSIFOyKqI\/AAAAAAAADPc\/ho0soAosODI\/s640\/Photo1-731719.jpg\" width=\"640\" \/><\/a><\/div>\n<div><\/div>\n<div>Idag var det allts\u00e5 <b>KM i rallylydnad<\/b> p\u00e5 klubben med ca 23 startande. Domare var Liss-Britt Eleg\u00e5rd. Egentligen startade Kasper som nr 10 och Lakrits som nr 18, men jag lyckades f\u00e5 byta plats p\u00e5 dem. Det blev b\u00e4ttre f\u00f6r b\u00e5da: lakrits fick inte fullt d\u00e5 m\u00e5nga dofter att sniffa runt p\u00e5 och Kasper fick ett lite varmare och torrare gr\u00e4s. Det var rej\u00e4lt daggbl\u00f6tt i morse, och bara 7 grader n\u00e4r vi steg upp kl 8.<\/div>\n<div>Deltagarna var mycket v\u00e4l spridda, allt fr\u00e5n rena nyb\u00f6rjare som bara g\u00e5tt ett f\u00e5tal g\u00e5nger p\u00e5 nyb\u00f6rjarkurs till instrukt\u00f6rer som avancerat upp i klasserna.<\/div>\n<div>Hur gick det, d\u00e5?<\/div>\n<div><b>Lakrits <\/b>var allts\u00e5 f\u00f6rst ut och fick avdrag fr\u00e4mst i b\u00f6rjan av banan f\u00f6r 7 nosningar och 1 str\u00e4ckt koppel. Vi fick 2 po\u00e4ngs avdrag p\u00e5 helheten med totalbetyget 90 po\u00e4ng och \u201dBra jobbat\u201d. Otroligt bra gjort, s\u00e4rskilt med tanke p\u00e5 att han inte kan skylt nummer 4, \u201dSitt, St\u00e5\u201d. Den intensiv\u00f6vade vi efter att ha sett banan och innan vi klev in p\u00e5 plan. Han fick inga po\u00e4ngavdrag alls p\u00e5 den! <b>De 90 po\u00e4ngen r\u00e4ckte till en \u00e5ttondeplats<\/b>, vilket jag \u00e4r otroligt n\u00f6jd med!<\/div>\n<div><b>Kasper <\/b>fick ocks\u00e5 repetera skylt 4 innan det var dags f\u00f6r oss att g\u00f6ra entr\u00e9 p\u00e5 plan. Den skylten fick han faktiskt 1 po\u00e4ngs avdrag p\u00e5 f\u00f6r sent utf\u00f6rande. H\u00e4pp! Detsamma g\u00e4llde skylt 10, Front, v\u00e4nster ing\u00e5ng. I \u00f6vrigt fick han 6 po\u00e4ngs avdrag p\u00e5 nosade p\u00e5 den f\u00f6rsta halvan av banan. Inga helhetsavdrag alls. Det ledde till<b> hela 92 po\u00e4ng och en sj\u00e4tteplats<\/b>! Min duktiga lilla g\u00e5rdshund! \u00c4r s\u00e5 glad att han dessutom slog lillebror, vi har ju k\u00e4mpat r\u00e4tt l\u00e4nge med det h\u00e4r. Omd\u00f6me:\u00a0\u201dTrevlig hj\u00e4lpsam matte, jobbar hela tiden\u201d. Det tackar jag extra f\u00f6r!<\/div>\n<div>Vinnaren Carola fick hela 100 po\u00e4ng, andrapristagaren 99 po\u00e4ng\u00a0och tredjepristagaren 98 po\u00e4ng, s\u00e5 det var verkligen j\u00e4mnt i toppen.<\/div>\n<div>Nu blir det t\u00e4vlingsstart i officiell nyb\u00f6rjarklass till v\u00e5ren, har jag t\u00e4nkt mig. Vi kanske \u00e4ntligen kan komma i \u00e5tanke f\u00f6r de d\u00e4r \u00e5tr\u00e5v\u00e4rda godk\u00e4nd-po\u00e4ngen \u00e4ven i en s\u00e5dan t\u00e4vling.<\/div>\n<div><\/div>\n","protected":false},"excerpt":{"rendered":"<p>Idag var det allts\u00e5 KM i rallylydnad p\u00e5 klubben med ca 23 startande. Domare var Liss-Britt Eleg\u00e5rd. Egentligen startade Kasper som nr 10 och Lakrits som nr 18, men jag lyckades f\u00e5 byta plats p\u00e5 dem. Det blev b\u00e4ttre f\u00f6r b\u00e5da: lakrits fick inte fullt d\u00e5 m\u00e5nga dofter att sniffa runt p\u00e5 och Kasper fick [&hellip;]<\/p>\n","protected":false},"author":1,"featured_media":0,"comment_status":"open","ping_status":"open","sticky":false,"template":"","format":"standard","meta":[],"categories":[10,3,38],"tags":[],"_links":{"self":[{"href":"https:\/\/www.heljesten.nu\/index.php?rest_route=\/wp\/v2\/posts\/332"}],"collection":[{"href":"https:\/\/www.heljesten.nu\/index.php?rest_route=\/wp\/v2\/posts"}],"about":[{"href":"https:\/\/www.heljesten.nu\/index.php?rest_route=\/wp\/v2\/types\/post"}],"author":[{"embeddable":true,"href":"https:\/\/www.heljesten.nu\/index.php?rest_route=\/wp\/v2\/users\/1"}],"replies":[{"embeddable":true,"href":"https:\/\/www.heljesten.nu\/index.php?rest_route=%2Fwp%2Fv2%2Fcomments&post=332"}],"version-history":[{"count":0,"href":"https:\/\/www.heljesten.nu\/index.php?rest_route=\/wp\/v2\/posts\/332\/revisions"}],"wp:attachment":[{"href":"https:\/\/www.heljesten.nu\/index.php?rest_route=%2Fwp%2Fv2%2Fmedia&parent=332"}],"wp:term":[{"taxonomy":"category","embeddable":true,"href":"https:\/\/www.heljesten.nu\/index.php?rest_route=%2Fwp%2Fv2%2Fcategories&post=332"},{"taxonomy":"post_tag","embeddable":true,"href":"https:\/\/www.heljesten.nu\/index.php?rest_route=%2Fwp%2Fv2%2Ftags&post=332"}],"curies":[{"name":"wp","href":"https:\/\/api.w.org\/{rel}","templated":true}]}}