{"id":3206,"date":"2013-10-07T00:14:05","date_gmt":"2013-10-06T22:14:05","guid":{"rendered":"http:\/\/www.heljesten.nu\/?p=3206"},"modified":"2013-10-07T00:14:05","modified_gmt":"2013-10-06T22:14:05","slug":"torsholma-hektiskt-kaos-ar-bara-fornamnet","status":"publish","type":"post","link":"https:\/\/www.heljesten.nu\/?p=3206","title":{"rendered":"Torsholma \u2013 hektiskt kaos \u00e4r bara f\u00f6rnamnet"},"content":{"rendered":"<p>Nu \u00e4r det exakt en vecka sedan jag flyttade in i torpet, och inte har jag hunnit blogga en enda g\u00e5ng. Allt har g\u00e5tt i ett, och den ena katastrofen har avl\u00f6st den andra. Vissa mindre, andra st\u00f6rre.<\/p>\n<p>Lite har jag f\u00e5ngat p\u00e5 bild, s\u00e5 de f\u00e5r illustrera hur den g\u00e5ngna veckan varit.<\/p>\n<p><a href=\"http:\/\/www.heljesten.nu\/wp-content\/uploads\/2013\/10\/2013-09-29-10.15.34.jpg\"><img decoding=\"async\" loading=\"lazy\" class=\"aligncenter size-large wp-image-3207\" alt=\"2013-09-29 10.15.34\" src=\"http:\/\/www.heljesten.nu\/wp-content\/uploads\/2013\/10\/2013-09-29-10.15.34-768x1024.jpg\" width=\"640\" height=\"853\" srcset=\"https:\/\/www.heljesten.nu\/wp-content\/uploads\/2013\/10\/2013-09-29-10.15.34-768x1024.jpg 768w, https:\/\/www.heljesten.nu\/wp-content\/uploads\/2013\/10\/2013-09-29-10.15.34-225x300.jpg 225w\" sizes=\"(max-width: 640px) 100vw, 640px\" \/>T<\/a>ill att b\u00f6rja med hade r\u00e4tt kommod anl\u00e4nt och monterats.<a href=\"http:\/\/www.heljesten.nu\/wp-content\/uploads\/2013\/10\/2013-09-29-10.15.46.jpg\"><img decoding=\"async\" loading=\"lazy\" class=\"aligncenter size-large wp-image-3208\" alt=\"2013-09-29 10.15.46\" src=\"http:\/\/www.heljesten.nu\/wp-content\/uploads\/2013\/10\/2013-09-29-10.15.46-1024x768.jpg\" width=\"640\" height=\"480\" srcset=\"https:\/\/www.heljesten.nu\/wp-content\/uploads\/2013\/10\/2013-09-29-10.15.46-1024x768.jpg 1024w, https:\/\/www.heljesten.nu\/wp-content\/uploads\/2013\/10\/2013-09-29-10.15.46-300x225.jpg 300w, https:\/\/www.heljesten.nu\/wp-content\/uploads\/2013\/10\/2013-09-29-10.15.46-400x300.jpg 400w\" sizes=\"(max-width: 640px) 100vw, 640px\" \/><\/a> De suver\u00e4na duschd\u00f6rrarna hade kommit p\u00e5 plats samt handdelen av duschen. Ett problem var att r\u00f6ret till huvuddelen av duschen var f\u00f6r l\u00e5ngt, och jag bad Marcus att f\u00f6rs\u00f6ka kapa det s\u00e5 att det skulle passa.<a href=\"http:\/\/www.heljesten.nu\/wp-content\/uploads\/2013\/10\/2013-09-29-10.16.21.jpg\"><img decoding=\"async\" loading=\"lazy\" class=\"aligncenter size-large wp-image-3209\" alt=\"2013-09-29 10.16.21\" src=\"http:\/\/www.heljesten.nu\/wp-content\/uploads\/2013\/10\/2013-09-29-10.16.21-768x1024.jpg\" width=\"640\" height=\"853\" srcset=\"https:\/\/www.heljesten.nu\/wp-content\/uploads\/2013\/10\/2013-09-29-10.16.21-768x1024.jpg 768w, https:\/\/www.heljesten.nu\/wp-content\/uploads\/2013\/10\/2013-09-29-10.16.21-225x300.jpg 225w\" sizes=\"(max-width: 640px) 100vw, 640px\" \/><\/a> K\u00f6ket f\u00e4rdigt s\u00e5 n\u00e4r som p\u00e5 n\u00e5gra sm\u00e5detaljer.<a href=\"http:\/\/www.heljesten.nu\/wp-content\/uploads\/2013\/10\/2013-09-29-10.17.12.jpg\"><img decoding=\"async\" loading=\"lazy\" class=\"aligncenter size-large wp-image-3210\" alt=\"2013-09-29 10.17.12\" src=\"http:\/\/www.heljesten.nu\/wp-content\/uploads\/2013\/10\/2013-09-29-10.17.12-1024x768.jpg\" width=\"640\" height=\"480\" srcset=\"https:\/\/www.heljesten.nu\/wp-content\/uploads\/2013\/10\/2013-09-29-10.17.12-1024x768.jpg 1024w, https:\/\/www.heljesten.nu\/wp-content\/uploads\/2013\/10\/2013-09-29-10.17.12-300x225.jpg 300w, https:\/\/www.heljesten.nu\/wp-content\/uploads\/2013\/10\/2013-09-29-10.17.12-400x300.jpg 400w\" sizes=\"(max-width: 640px) 100vw, 640px\" \/><\/a> <a href=\"http:\/\/www.heljesten.nu\/wp-content\/uploads\/2013\/10\/2013-09-29-10.17.21.jpg\"><img decoding=\"async\" loading=\"lazy\" class=\"aligncenter size-large wp-image-3211\" alt=\"2013-09-29 10.17.21\" src=\"http:\/\/www.heljesten.nu\/wp-content\/uploads\/2013\/10\/2013-09-29-10.17.21-1024x768.jpg\" width=\"640\" height=\"480\" srcset=\"https:\/\/www.heljesten.nu\/wp-content\/uploads\/2013\/10\/2013-09-29-10.17.21-1024x768.jpg 1024w, https:\/\/www.heljesten.nu\/wp-content\/uploads\/2013\/10\/2013-09-29-10.17.21-300x225.jpg 300w, https:\/\/www.heljesten.nu\/wp-content\/uploads\/2013\/10\/2013-09-29-10.17.21-400x300.jpg 400w\" sizes=\"(max-width: 640px) 100vw, 640px\" \/><\/a> <a href=\"http:\/\/www.heljesten.nu\/wp-content\/uploads\/2013\/10\/2013-09-29-10.17.26.jpg\"><img decoding=\"async\" loading=\"lazy\" class=\"aligncenter size-large wp-image-3212\" alt=\"2013-09-29 10.17.26\" src=\"http:\/\/www.heljesten.nu\/wp-content\/uploads\/2013\/10\/2013-09-29-10.17.26-1024x768.jpg\" width=\"640\" height=\"480\" srcset=\"https:\/\/www.heljesten.nu\/wp-content\/uploads\/2013\/10\/2013-09-29-10.17.26-1024x768.jpg 1024w, https:\/\/www.heljesten.nu\/wp-content\/uploads\/2013\/10\/2013-09-29-10.17.26-300x225.jpg 300w, https:\/\/www.heljesten.nu\/wp-content\/uploads\/2013\/10\/2013-09-29-10.17.26-400x300.jpg 400w\" sizes=\"(max-width: 640px) 100vw, 640px\" \/><\/a>S\u00e5 h\u00e4r tomt har det inte sett ut sedan dess.<\/p>\n<p><a href=\"http:\/\/www.heljesten.nu\/wp-content\/uploads\/2013\/10\/2013-09-29-11.37.52.jpg\"><img decoding=\"async\" loading=\"lazy\" class=\"aligncenter size-large wp-image-3214\" alt=\"2013-09-29 11.37.52\" src=\"http:\/\/www.heljesten.nu\/wp-content\/uploads\/2013\/10\/2013-09-29-11.37.52-768x1024.jpg\" width=\"640\" height=\"853\" srcset=\"https:\/\/www.heljesten.nu\/wp-content\/uploads\/2013\/10\/2013-09-29-11.37.52-768x1024.jpg 768w, https:\/\/www.heljesten.nu\/wp-content\/uploads\/2013\/10\/2013-09-29-11.37.52-225x300.jpg 225w\" sizes=\"(max-width: 640px) 100vw, 640px\" \/><\/a>I vardagsrummet hade Marcus satt upp de f\u00f6rsta tapetv\u00e5derna s\u00e5 att den kapade bokhyllan kunde komma p\u00e5 plats. Ingen m\u00e5lare synes \u00e4n. Min mammas gamla matta f\u00e5r pryda det fina bj\u00f6rkgolvet.<\/p>\n<p><a href=\"http:\/\/www.heljesten.nu\/wp-content\/uploads\/2013\/10\/2013-09-29-12.55.35.jpg\"><img decoding=\"async\" loading=\"lazy\" class=\"aligncenter size-large wp-image-3216\" alt=\"2013-09-29 12.55.35\" src=\"http:\/\/www.heljesten.nu\/wp-content\/uploads\/2013\/10\/2013-09-29-12.55.35-1024x768.jpg\" width=\"640\" height=\"480\" srcset=\"https:\/\/www.heljesten.nu\/wp-content\/uploads\/2013\/10\/2013-09-29-12.55.35-1024x768.jpg 1024w, https:\/\/www.heljesten.nu\/wp-content\/uploads\/2013\/10\/2013-09-29-12.55.35-300x225.jpg 300w, https:\/\/www.heljesten.nu\/wp-content\/uploads\/2013\/10\/2013-09-29-12.55.35-400x300.jpg 400w\" sizes=\"(max-width: 640px) 100vw, 640px\" \/><\/a>N\u00e4r s\u00e5 flyttgubbarna anl\u00e4nde med alla grejer, bland annat det enda av k\u00f6rsb\u00e4rsm\u00f6blerna som f\u00f6rvarats i f\u00f6rr\u00e5det, hade de lyckats v\u00e4nda sk\u00e5pet uppochned och sl\u00e4pa det. Inga fina filtar med inplastning h\u00e4r inte. Jag blev s\u00e5klart ursinnig \u00f6ver de fula reporna och prutade 1000 kr p\u00e5 jobbet. Ett nytt likadant sk\u00e5p utan d\u00f6rrar skulle enligt <a href=\"http:\/\/www.bokhyllan.se\" target=\"_blank\">bokhyllan.se<\/a> kosta 3800 kr. I och med detta best\u00e4mde jag mig f\u00f6r att kasta denna nu v\u00e4rdel\u00f6sa sk\u00e5psdel tillsammans med de trilskandes l\u00e5dorna och bad ist\u00e4llet snickaren att s\u00e4tta ihop den andra stommen med luckorna och den kapade vitrindelen. F\u00e5r hitta p\u00e5 en annan l\u00f6sning f\u00f6r teven \u00e4n vad jag t\u00e4nkt fr\u00e5n b\u00f6rjan.<\/p>\n<p><a href=\"http:\/\/www.heljesten.nu\/wp-content\/uploads\/2013\/10\/20131006_235926.jpg\"><img decoding=\"async\" loading=\"lazy\" class=\"aligncenter size-large wp-image-3226\" alt=\"20131006_235926\" src=\"http:\/\/www.heljesten.nu\/wp-content\/uploads\/2013\/10\/20131006_235926-768x1024.jpg\" width=\"640\" height=\"853\" srcset=\"https:\/\/www.heljesten.nu\/wp-content\/uploads\/2013\/10\/20131006_235926-768x1024.jpg 768w, https:\/\/www.heljesten.nu\/wp-content\/uploads\/2013\/10\/20131006_235926-225x300.jpg 225w\" sizes=\"(max-width: 640px) 100vw, 640px\" \/><\/a>Idag, en vecka senare, ser den sammanslagna m\u00f6beln ut s\u00e5 h\u00e4r. Fortfarande lite r\u00f6rigt, men det g\u00e5r \u00e5t r\u00e4tt h\u00e5ll.<\/p>\n<p><a href=\"http:\/\/www.heljesten.nu\/wp-content\/uploads\/2013\/10\/2013-09-29-11.50.49.jpg\"><img decoding=\"async\" loading=\"lazy\" class=\"aligncenter size-large wp-image-3215\" alt=\"2013-09-29 11.50.49\" src=\"http:\/\/www.heljesten.nu\/wp-content\/uploads\/2013\/10\/2013-09-29-11.50.49-1024x768.jpg\" width=\"640\" height=\"480\" srcset=\"https:\/\/www.heljesten.nu\/wp-content\/uploads\/2013\/10\/2013-09-29-11.50.49-1024x768.jpg 1024w, https:\/\/www.heljesten.nu\/wp-content\/uploads\/2013\/10\/2013-09-29-11.50.49-300x225.jpg 300w, https:\/\/www.heljesten.nu\/wp-content\/uploads\/2013\/10\/2013-09-29-11.50.49-400x300.jpg 400w\" sizes=\"(max-width: 640px) 100vw, 640px\" \/><\/a>N\u00e5got jag testade n\u00e4stan direkt var om bredbandsbolaget hade b\u00e4ttre t\u00e4ckning f\u00f6r 4G-modemet h\u00e4r \u00e4n i sommarstugan vid Erken. I f\u00f6rsta f\u00f6nstret fick jag inget napp, men i det andra funkade det. H\u00e4r \u00e4r lilldatorn uppkopplad f\u00f6r f\u00f6rsta g\u00e5ngen.<\/p>\n<p><a href=\"http:\/\/www.heljesten.nu\/wp-content\/uploads\/2013\/10\/2013-09-29-15.07.10.jpg\"><img decoding=\"async\" loading=\"lazy\" class=\"aligncenter size-large wp-image-3217\" alt=\"2013-09-29 15.07.10\" src=\"http:\/\/www.heljesten.nu\/wp-content\/uploads\/2013\/10\/2013-09-29-15.07.10-768x1024.jpg\" width=\"640\" height=\"853\" srcset=\"https:\/\/www.heljesten.nu\/wp-content\/uploads\/2013\/10\/2013-09-29-15.07.10-768x1024.jpg 768w, https:\/\/www.heljesten.nu\/wp-content\/uploads\/2013\/10\/2013-09-29-15.07.10-225x300.jpg 225w\" sizes=\"(max-width: 640px) 100vw, 640px\" \/><\/a> Nu har kaoset b\u00f6rjat. I den h\u00e4r stilen h\u00e5ller det i sig fortfarande p\u00e5 sina st\u00e4llen. Dock har jag f\u00e5tt en ny omh\u00e4ndertagare av gungstolen, som bara inte fick plats l\u00e4ngre.<a href=\"http:\/\/www.heljesten.nu\/wp-content\/uploads\/2013\/10\/2013-09-29-19.40.33.jpg\"><img decoding=\"async\" loading=\"lazy\" class=\"aligncenter size-large wp-image-3218\" alt=\"2013-09-29 19.40.33\" src=\"http:\/\/www.heljesten.nu\/wp-content\/uploads\/2013\/10\/2013-09-29-19.40.33-768x1024.jpg\" width=\"640\" height=\"853\" srcset=\"https:\/\/www.heljesten.nu\/wp-content\/uploads\/2013\/10\/2013-09-29-19.40.33-768x1024.jpg 768w, https:\/\/www.heljesten.nu\/wp-content\/uploads\/2013\/10\/2013-09-29-19.40.33-225x300.jpg 225w\" sizes=\"(max-width: 640px) 100vw, 640px\" \/><\/a> F\u00f6rsta m\u00e5ltiden intogs med en flyttkartong som bord.<a href=\"http:\/\/www.heljesten.nu\/wp-content\/uploads\/2013\/10\/2013-09-30-06.33.47.jpg\"><img decoding=\"async\" loading=\"lazy\" class=\"aligncenter size-large wp-image-3219\" alt=\"2013-09-30 06.33.47\" src=\"http:\/\/www.heljesten.nu\/wp-content\/uploads\/2013\/10\/2013-09-30-06.33.47-768x1024.jpg\" width=\"640\" height=\"853\" srcset=\"https:\/\/www.heljesten.nu\/wp-content\/uploads\/2013\/10\/2013-09-30-06.33.47-768x1024.jpg 768w, https:\/\/www.heljesten.nu\/wp-content\/uploads\/2013\/10\/2013-09-30-06.33.47-225x300.jpg 225w\" sizes=\"(max-width: 640px) 100vw, 640px\" \/><\/a> \u00c4ven hundarna g\u00f6r sig hemmastadda.<a href=\"http:\/\/www.heljesten.nu\/wp-content\/uploads\/2013\/10\/2013-09-30-11.44.21.jpg\"><img decoding=\"async\" loading=\"lazy\" class=\"aligncenter size-large wp-image-3220\" alt=\"2013-09-30 11.44.21\" src=\"http:\/\/www.heljesten.nu\/wp-content\/uploads\/2013\/10\/2013-09-30-11.44.21-768x1024.jpg\" width=\"640\" height=\"853\" srcset=\"https:\/\/www.heljesten.nu\/wp-content\/uploads\/2013\/10\/2013-09-30-11.44.21-768x1024.jpg 768w, https:\/\/www.heljesten.nu\/wp-content\/uploads\/2013\/10\/2013-09-30-11.44.21-225x300.jpg 225w\" sizes=\"(max-width: 640px) 100vw, 640px\" \/><\/a>Det var s\u00e5 mycket kartonger och m\u00f6bler p\u00e5 denna lilla yta att det utan \u00f6verdrift var sv\u00e5rt att kunna packa upp eller flytta n\u00e5got i b\u00f6rjan. Jag fick st\u00e5 och planera man\u00f6vrerna en stund innan jag satte ig\u00e5ng, som ett avancerat schackparti.<\/p>\n<p>Den f\u00f6rsta oktober sade s\u00e5 snickaren att nu kunde jag k\u00f6ra tv\u00e4ttmaskinen. \u00c4ntligen! Smutstv\u00e4tten hade blivit en rej\u00e4l h\u00f6g och jag satte glad i h\u00e5gen p\u00e5 en maskin innan jag \u00e5kte till hundklubbens styrelsem\u00f6te. Som tur var tog jag hundarna med mig.<\/p>\n<p><a href=\"http:\/\/www.heljesten.nu\/wp-content\/uploads\/2013\/10\/347_V\u00e4lta_220-365.jpg\"><img decoding=\"async\" loading=\"lazy\" class=\"aligncenter size-large wp-image-3194\" alt=\"347_V\u00e4lta_220-365\" src=\"http:\/\/www.heljesten.nu\/wp-content\/uploads\/2013\/10\/347_V\u00e4lta_220-365-768x1024.jpg\" width=\"640\" height=\"853\" srcset=\"https:\/\/www.heljesten.nu\/wp-content\/uploads\/2013\/10\/347_V\u00e4lta_220-365-768x1024.jpg 768w, https:\/\/www.heljesten.nu\/wp-content\/uploads\/2013\/10\/347_V\u00e4lta_220-365-225x300.jpg 225w\" sizes=\"(max-width: 640px) 100vw, 640px\" \/><\/a>N\u00e4r jag kom hem m\u00f6ttes jag av denna \u00e5syn inne i badrummet. T\u00e4nk vilken skr\u00e4ll det m\u00e5ste ha varit! S\u00e5 h\u00e4r i efterhand vet vi nu att det gjorts\u00a0tv\u00e5 missar: dels satt det kvar en transports\u00e4kring i tv\u00e4ttmaskinen, vilket med all s\u00e4kerhet gjorde att den wobblade extremt mycket vid centrifugeringen. Och dels hade man inte satt fast torktumlaren i tv\u00e4ttmaskinen trots att jag k\u00f6pt till beslag f\u00f6r detta. Inget snack, n\u00e4sta dag tog snickaren p\u00e5 sig det skedda direkt och jag best\u00e4llde genast en ny maskin p\u00e5 hans bekostnad.<\/p>\n<p><a href=\"http:\/\/www.heljesten.nu\/wp-content\/uploads\/2013\/10\/2013-10-04-20.46.37.jpg\"><img decoding=\"async\" loading=\"lazy\" class=\"aligncenter size-large wp-image-3222\" alt=\"2013-10-04 20.46.37\" src=\"http:\/\/www.heljesten.nu\/wp-content\/uploads\/2013\/10\/2013-10-04-20.46.37-1024x739.jpg\" width=\"640\" height=\"461\" srcset=\"https:\/\/www.heljesten.nu\/wp-content\/uploads\/2013\/10\/2013-10-04-20.46.37-1024x739.jpg 1024w, https:\/\/www.heljesten.nu\/wp-content\/uploads\/2013\/10\/2013-10-04-20.46.37-300x216.jpg 300w, https:\/\/www.heljesten.nu\/wp-content\/uploads\/2013\/10\/2013-10-04-20.46.37-415x300.jpg 415w, https:\/\/www.heljesten.nu\/wp-content\/uploads\/2013\/10\/2013-10-04-20.46.37.jpg 1703w\" sizes=\"(max-width: 640px) 100vw, 640px\" \/><\/a>Teven \u00e4r \u00e4nnu inte ig\u00e5ng trots att Boxerboxen levererades snabbt. F\u00f6rst passade inte antennkabeln i boxuttaget, s\u00e5 jag fick \u00e5ka och k\u00f6pa en adapter. Sen trodde jag att jag inte f\u00e5tt n\u00e5got programkort, men det visade sig s\u00e5 sm\u00e5ningom att detta l\u00e5g i ett s\u00e4rskilt kuvert bland Boxerprylarna. Men \u00e4nd\u00e5 blev resultatet 0 kanaler. Jag ringde support och fick tipset att kolla med antennen i teven direkt. 0 kanaler d\u00e4r ocks\u00e5, s\u00e5 troligen \u00e4r det n\u00e5got fel p\u00e5 antennkabeln upp till antennen p\u00e5 taket. Suck. Ska ringa installat\u00f6r imorgon.<\/p>\n<p>Teleteknikern som skulle installera den flyttade fasta telefonen har uteblivit tv\u00e5 g\u00e5nger. Den tredje g\u00e5ngen kom han och lyckades borra fel, s\u00e5 att jag nu har ett fult h\u00e5l i mitt nytapetserade kontorsrum. Bl\u00e4!<\/p>\n<p>Ett annat allvarligt problem \u00e4r vattenkvaliteten. Dels \u00e4r det fortfarande missf\u00e4rgat, om \u00e4n inte i lika h\u00f6g grad nu n\u00e4r vattenf\u00f6rbrukningen b\u00f6rjat ta fart. Men \u00e4nd\u00e5. Risken att f\u00e5 gula lakan \u00e4r inte kul, och att dricka (\u00e4ven om det \u00e4r tj\u00e4nligt) pissgult vatten b\u00e4r emot. Sen \u00e4r vattnet extremt kalkhaltigt. Att det skulle vara mycket kalk h\u00e4r var jag beredd p\u00e5, f\u00f6r s\u00e5 \u00e4r det ut\u00e5t Roslagen. Men n\u00e4r en sprillans ny kastrull hade vit bel\u00e4ggning efter att jag kokat \u00e4gg i den en g\u00e5ng blev jag orolig. Jag hittade en teststicka och testade h\u00e5rdhetsgraden.<\/p>\n<p><a href=\"http:\/\/www.heljesten.nu\/wp-content\/uploads\/2013\/10\/2013-10-05-11.46.38.jpg\"><img decoding=\"async\" loading=\"lazy\" class=\"aligncenter size-large wp-image-3221\" alt=\"2013-10-05 11.46.38\" src=\"http:\/\/www.heljesten.nu\/wp-content\/uploads\/2013\/10\/2013-10-05-11.46.38-1024x458.jpg\" width=\"640\" height=\"286\" srcset=\"https:\/\/www.heljesten.nu\/wp-content\/uploads\/2013\/10\/2013-10-05-11.46.38-1024x458.jpg 1024w, https:\/\/www.heljesten.nu\/wp-content\/uploads\/2013\/10\/2013-10-05-11.46.38-300x134.jpg 300w, https:\/\/www.heljesten.nu\/wp-content\/uploads\/2013\/10\/2013-10-05-11.46.38-500x223.jpg 500w, https:\/\/www.heljesten.nu\/wp-content\/uploads\/2013\/10\/2013-10-05-11.46.38.jpg 1502w\" sizes=\"(max-width: 640px) 100vw, 640px\" \/><\/a>Fyra r\u00f6da pluttar av fyra m\u00f6jliga! Jag har k\u00f6pt salt till diskmaskinen och kalkat av kaffemaskinen. Men tv\u00e4ttmaskinen och ismaskinen? Isproduktionen \u00e4r tills vidare avst\u00e4ngd. Jag har f\u00e5tt r\u00e5det att l\u00e5ta installera en avh\u00e4rdare. Har kontaktat en firma i Uppsala om b\u00e5da vattenproblemen i f\u00f6rhoppningen att de kan l\u00f6sas i ett svep. Och snabbt.<\/p>\n<p>Som om det inte vore nog med detta har jag uppt\u00e4ckt att min fina mikro inte har alla de funktioner den borde ha. Ist\u00e4llet f\u00f6r sex\u2013sju funktioner p\u00e5 reglaget finns det bara tre. Jag som k\u00f6pt just denna modell f\u00f6r precis dessa funktioner. Nu h\u00e5ller tretti.se p\u00e5 att kika p\u00e5 problemet. Gissar att det \u00e4r Whirlpool som gjort n\u00e5n miss, f\u00f6r maskinen heter precis det den ska. Kan de inte l\u00f6sa problemet kommer jag att l\u00e5ta maskinen g\u00e5 tillbaka och s\u00e5 k\u00f6per jag n\u00e5gon helt annan, f\u00f6r s\u00e5 h\u00e4r vill jag inte ha det. Surt bara f\u00f6r rent estetiskt passar den som hand i handske i sk\u00e5pet.<\/p>\n<p>Alla de gamla taklampor som faktiskt passar och jag vill \u00e5teranv\u00e4nda m\u00e5ste det bytas kontakt p\u00e5 till en jordad. \u00c4ven i de fall det suttit en jordad kontakt p\u00e5 redan \u00e4r det sj\u00e4lvklart fel sorts jordad. Puh. Vissa \u00e4r \u00e5tg\u00e4rdade nu, andra inte.<\/p>\n<p>Tja, sen finns det sm\u00e4rre problem som att en elkontakt hamnat f\u00f6r l\u00e5ngt \u00e5t h\u00f6ger och hindrar m\u00f6bleringen i sovrummet. Det kommer att fixa sig. Ett annat irriterande problem \u00e4r den op\u00e5litlige m\u00e5laren som bara dyker upp h\u00e4lften av de g\u00e5nger han s\u00e4ger att han ska det. Nu \u00e4r iallafall vardagsrummet n\u00e4stan f\u00e4rdigtapetserat. N\u00e4stan. Det saknas n\u00e4mligen en tapetrulle. \u00c4r inte det lektion 1A p\u00e5 m\u00e5larskolan att ber\u00e4kna \u00e5tg\u00e5ng s\u00e5 att man kan best\u00e4lla allt och f\u00e5 samma batch f\u00f6r att slippa eventuella nyansskillnader? \u00c4r r\u00e4tt sur p\u00e5 honom faktiskt och \u00e5ngrar n\u00e4stan att jag inte gjorde jobbet sj\u00e4lv. Men jag levde i f\u00f6rest\u00e4llningen att professionella m\u00e5lare skulle jobba snabbare \u00e4n jag, en amat\u00f6r.<\/p>\n<p><a href=\"http:\/\/www.heljesten.nu\/wp-content\/uploads\/2013\/10\/20131006_235941.jpg\"><img decoding=\"async\" loading=\"lazy\" class=\"aligncenter size-large wp-image-3227\" alt=\"20131006_235941\" src=\"http:\/\/www.heljesten.nu\/wp-content\/uploads\/2013\/10\/20131006_235941-1024x768.jpg\" width=\"640\" height=\"480\" srcset=\"https:\/\/www.heljesten.nu\/wp-content\/uploads\/2013\/10\/20131006_235941-1024x768.jpg 1024w, https:\/\/www.heljesten.nu\/wp-content\/uploads\/2013\/10\/20131006_235941-300x225.jpg 300w, https:\/\/www.heljesten.nu\/wp-content\/uploads\/2013\/10\/20131006_235941-400x300.jpg 400w\" sizes=\"(max-width: 640px) 100vw, 640px\" \/><\/a>P\u00e5 den roligare sidan har jag hittat och f\u00e5tt hem en hallb\u00e4nk. Lyckades klanta mig rej\u00e4lt vid monteringen, men som tur var r\u00e4ddade Annika mig genom att anl\u00e4nda med en tub lim. Trots vissa konstruktionsavvikelser verkar den nu stabil. En inte alls enkel bruksanvisning, men resultatet blev bra.<\/p>\n<p><a href=\"http:\/\/www.heljesten.nu\/wp-content\/uploads\/2013\/10\/20131006_211137.jpg\"><img decoding=\"async\" loading=\"lazy\" class=\"aligncenter size-large wp-image-3223\" alt=\"20131006_211137\" src=\"http:\/\/www.heljesten.nu\/wp-content\/uploads\/2013\/10\/20131006_211137-1024x768.jpg\" width=\"640\" height=\"480\" srcset=\"https:\/\/www.heljesten.nu\/wp-content\/uploads\/2013\/10\/20131006_211137-1024x768.jpg 1024w, https:\/\/www.heljesten.nu\/wp-content\/uploads\/2013\/10\/20131006_211137-300x225.jpg 300w, https:\/\/www.heljesten.nu\/wp-content\/uploads\/2013\/10\/20131006_211137-400x300.jpg 400w\" sizes=\"(max-width: 640px) 100vw, 640px\" \/><\/a> Om jag nu ber snickaren att ta bort f\u00f6nsterbr\u00e4dan tj\u00e4nar jag minst en decimeter i golvutrymme, eftersom locket annars krockar med br\u00e4dan. Nu saknas bara en fin dyna ovanp\u00e5, men det hoppas jag att kompisen Tina kan hj\u00e4lpa mig fixa s\u00e5 sm\u00e5ningom.<a href=\"http:\/\/www.heljesten.nu\/wp-content\/uploads\/2013\/10\/20131006_211149.jpg\"><img decoding=\"async\" loading=\"lazy\" class=\"aligncenter size-large wp-image-3224\" alt=\"20131006_211149\" src=\"http:\/\/www.heljesten.nu\/wp-content\/uploads\/2013\/10\/20131006_211149-1024x768.jpg\" width=\"640\" height=\"480\" srcset=\"https:\/\/www.heljesten.nu\/wp-content\/uploads\/2013\/10\/20131006_211149-1024x768.jpg 1024w, https:\/\/www.heljesten.nu\/wp-content\/uploads\/2013\/10\/20131006_211149-300x225.jpg 300w, https:\/\/www.heljesten.nu\/wp-content\/uploads\/2013\/10\/20131006_211149-400x300.jpg 400w\" sizes=\"(max-width: 640px) 100vw, 640px\" \/><\/a>Kasper kollar nogsamt inneh\u00e5llet: jaha, \u00e4r det h\u00e4r hundfodret ligger!<\/p>\n<p><a href=\"http:\/\/www.heljesten.nu\/wp-content\/uploads\/2013\/10\/20131006_235836.jpg\"><img decoding=\"async\" loading=\"lazy\" class=\"aligncenter size-large wp-image-3225\" alt=\"20131006_235836\" src=\"http:\/\/www.heljesten.nu\/wp-content\/uploads\/2013\/10\/20131006_235836-768x1024.jpg\" width=\"640\" height=\"853\" srcset=\"https:\/\/www.heljesten.nu\/wp-content\/uploads\/2013\/10\/20131006_235836-768x1024.jpg 768w, https:\/\/www.heljesten.nu\/wp-content\/uploads\/2013\/10\/20131006_235836-225x300.jpg 225w\" sizes=\"(max-width: 640px) 100vw, 640px\" \/><\/a>En annan rolig grej var det otroliga fynd jag gjorde p\u00e5 Mios outlet i Infra. Rolf k\u00f6pte f\u00f6r r\u00e4tt l\u00e4nge sen en j\u00e4ttefin f\u00e5t\u00f6lj med fotpall, som gjord att sitta och korrl\u00e4sa i. Jag visste att jag ville ha en s\u00e5n, men brun ist\u00e4llet f\u00f6r gr\u00e5 som han valt. Nu r\u00e5kade jag snubbla \u00f6ver exakt en s\u00e5n p\u00e5 outletens fyndh\u00f6rna! (Bilden \u00e4r tagen med mobilen och blixt, s\u00e5 h\u00e4r ser f\u00e5t\u00f6ljen gr\u00e5 ut, men det \u00e4r den allts\u00e5 inte.)<\/p>\n<p>Just nu finns det v\u00e4rsta kaoset uppe p\u00e5 \u00f6verv\u00e5ningen. Jag har n\u00e4mligen ingenstans att g\u00f6ra av mina kl\u00e4der. Det mesta \u00e4r kvar i kartonger, en del nytv\u00e4ttat finns i kassar och ligger och skrynklar till sig, och lite grann finns i ett par resv\u00e4skor sen sommarstugetiden. Jag har kikat p\u00e5 lite garderobsl\u00f6sningar, som involverar skjutd\u00f6rrar och kapning f\u00f6r snedtak. H\u00e5h\u00e5jaja, inget \u00e4r direkt standard i det h\u00e4r huset. Mer l\u00e4r f\u00f6lja om detta.<\/p>\n<p>&nbsp;<\/p>\n","protected":false},"excerpt":{"rendered":"<p>Nu \u00e4r det exakt en vecka sedan jag flyttade in i torpet, och inte har jag hunnit blogga en enda g\u00e5ng. Allt har g\u00e5tt i ett, och den ena katastrofen har avl\u00f6st den andra. Vissa mindre, andra st\u00f6rre. Lite har jag f\u00e5ngat p\u00e5 bild, s\u00e5 de f\u00e5r illustrera hur den g\u00e5ngna veckan varit. Till att [&hellip;]<\/p>\n","protected":false},"author":1,"featured_media":0,"comment_status":"open","ping_status":"open","sticky":false,"template":"","format":"standard","meta":[],"categories":[244],"tags":[],"_links":{"self":[{"href":"https:\/\/www.heljesten.nu\/index.php?rest_route=\/wp\/v2\/posts\/3206"}],"collection":[{"href":"https:\/\/www.heljesten.nu\/index.php?rest_route=\/wp\/v2\/posts"}],"about":[{"href":"https:\/\/www.heljesten.nu\/index.php?rest_route=\/wp\/v2\/types\/post"}],"author":[{"embeddable":true,"href":"https:\/\/www.heljesten.nu\/index.php?rest_route=\/wp\/v2\/users\/1"}],"replies":[{"embeddable":true,"href":"https:\/\/www.heljesten.nu\/index.php?rest_route=%2Fwp%2Fv2%2Fcomments&post=3206"}],"version-history":[{"count":2,"href":"https:\/\/www.heljesten.nu\/index.php?rest_route=\/wp\/v2\/posts\/3206\/revisions"}],"predecessor-version":[{"id":3228,"href":"https:\/\/www.heljesten.nu\/index.php?rest_route=\/wp\/v2\/posts\/3206\/revisions\/3228"}],"wp:attachment":[{"href":"https:\/\/www.heljesten.nu\/index.php?rest_route=%2Fwp%2Fv2%2Fmedia&parent=3206"}],"wp:term":[{"taxonomy":"category","embeddable":true,"href":"https:\/\/www.heljesten.nu\/index.php?rest_route=%2Fwp%2Fv2%2Fcategories&post=3206"},{"taxonomy":"post_tag","embeddable":true,"href":"https:\/\/www.heljesten.nu\/index.php?rest_route=%2Fwp%2Fv2%2Ftags&post=3206"}],"curies":[{"name":"wp","href":"https:\/\/api.w.org\/{rel}","templated":true}]}}