{"id":3145,"date":"2013-09-22T20:45:06","date_gmt":"2013-09-22T18:45:06","guid":{"rendered":"http:\/\/www.heljesten.nu\/?p=3145"},"modified":"2013-09-22T20:45:06","modified_gmt":"2013-09-22T18:45:06","slug":"145-kapell-nr-212-365","status":"publish","type":"post","link":"https:\/\/www.heljesten.nu\/?p=3145","title":{"rendered":"145 Kapell &#8211; nr 212 (365)"},"content":{"rendered":"<p><a href=\"http:\/\/www.heljesten.nu\/wp-content\/uploads\/2013\/09\/145-Kapell_212-365.jpg\"><img decoding=\"async\" loading=\"lazy\" class=\"aligncenter size-large wp-image-3146\" alt=\"145-Kapell_212-365\" src=\"http:\/\/www.heljesten.nu\/wp-content\/uploads\/2013\/09\/145-Kapell_212-365-1024x768.jpg\" width=\"640\" height=\"480\" srcset=\"https:\/\/www.heljesten.nu\/wp-content\/uploads\/2013\/09\/145-Kapell_212-365-1024x768.jpg 1024w, https:\/\/www.heljesten.nu\/wp-content\/uploads\/2013\/09\/145-Kapell_212-365-300x225.jpg 300w, https:\/\/www.heljesten.nu\/wp-content\/uploads\/2013\/09\/145-Kapell_212-365-400x300.jpg 400w\" sizes=\"(max-width: 640px) 100vw, 640px\" \/><\/a>\u00a0N\u00e5gon enstaka b\u00e5t med kapell har \u00e4nnu inte plockats upp f\u00f6r vintervilan.<\/p>\n<p>Bilden \u00e4r tagen med mobilen.<\/p>\n","protected":false},"excerpt":{"rendered":"<p>\u00a0N\u00e5gon enstaka b\u00e5t med kapell har \u00e4nnu inte plockats upp f\u00f6r vintervilan. Bilden \u00e4r tagen med mobilen.<\/p>\n","protected":false},"author":1,"featured_media":0,"comment_status":"open","ping_status":"open","sticky":false,"template":"","format":"standard","meta":[],"categories":[235],"tags":[],"_links":{"self":[{"href":"https:\/\/www.heljesten.nu\/index.php?rest_route=\/wp\/v2\/posts\/3145"}],"collection":[{"href":"https:\/\/www.heljesten.nu\/index.php?rest_route=\/wp\/v2\/posts"}],"about":[{"href":"https:\/\/www.heljesten.nu\/index.php?rest_route=\/wp\/v2\/types\/post"}],"author":[{"embeddable":true,"href":"https:\/\/www.heljesten.nu\/index.php?rest_route=\/wp\/v2\/users\/1"}],"replies":[{"embeddable":true,"href":"https:\/\/www.heljesten.nu\/index.php?rest_route=%2Fwp%2Fv2%2Fcomments&post=3145"}],"version-history":[{"count":1,"href":"https:\/\/www.heljesten.nu\/index.php?rest_route=\/wp\/v2\/posts\/3145\/revisions"}],"predecessor-version":[{"id":3147,"href":"https:\/\/www.heljesten.nu\/index.php?rest_route=\/wp\/v2\/posts\/3145\/revisions\/3147"}],"wp:attachment":[{"href":"https:\/\/www.heljesten.nu\/index.php?rest_route=%2Fwp%2Fv2%2Fmedia&parent=3145"}],"wp:term":[{"taxonomy":"category","embeddable":true,"href":"https:\/\/www.heljesten.nu\/index.php?rest_route=%2Fwp%2Fv2%2Fcategories&post=3145"},{"taxonomy":"post_tag","embeddable":true,"href":"https:\/\/www.heljesten.nu\/index.php?rest_route=%2Fwp%2Fv2%2Ftags&post=3145"}],"curies":[{"name":"wp","href":"https:\/\/api.w.org\/{rel}","templated":true}]}}