{"id":2944,"date":"2013-08-30T21:20:11","date_gmt":"2013-08-30T19:20:11","guid":{"rendered":"http:\/\/www.heljesten.nu\/?p=2944"},"modified":"2013-08-30T21:20:41","modified_gmt":"2013-08-30T19:20:41","slug":"torsholma-status-efter-4-veckor","status":"publish","type":"post","link":"https:\/\/www.heljesten.nu\/?p=2944","title":{"rendered":"Torsholma \u2013 status efter 4 veckor"},"content":{"rendered":"<p>Jag har inte varit p\u00e5 torpet idag, f\u00f6rr\u00e4n jag \u00e5kte \u00f6ver med en fullastad sl\u00e4pk\u00e4rra p\u00e5 kv\u00e4llen med grejer till f\u00f6rr\u00e5det. Gick in s\u00e5klart f\u00f6r att kika p\u00e5 status.<\/p>\n<p><a href=\"http:\/\/www.heljesten.nu\/wp-content\/uploads\/2013\/08\/2013-08-30-17.16.59.jpg\"><img decoding=\"async\" loading=\"lazy\" class=\"aligncenter size-large wp-image-2945\" alt=\"2013-08-30 17.16.59\" src=\"http:\/\/www.heljesten.nu\/wp-content\/uploads\/2013\/08\/2013-08-30-17.16.59-768x1024.jpg\" width=\"640\" height=\"853\" srcset=\"https:\/\/www.heljesten.nu\/wp-content\/uploads\/2013\/08\/2013-08-30-17.16.59-768x1024.jpg 768w, https:\/\/www.heljesten.nu\/wp-content\/uploads\/2013\/08\/2013-08-30-17.16.59-225x300.jpg 225w\" sizes=\"(max-width: 640px) 100vw, 640px\" \/><\/a>I vardagsrummet dominerar fortfarande alla mina ihopskruvade l\u00e5dor. Idag har jag skaffat snygga handtag till dem. Bild kommer fram\u00f6ver.<\/p>\n<p><a href=\"http:\/\/www.heljesten.nu\/wp-content\/uploads\/2013\/08\/2013-08-30-17.20.16.jpg\"><img decoding=\"async\" loading=\"lazy\" class=\"aligncenter size-large wp-image-2946\" alt=\"2013-08-30 17.20.16\" src=\"http:\/\/www.heljesten.nu\/wp-content\/uploads\/2013\/08\/2013-08-30-17.20.16-768x1024.jpg\" width=\"640\" height=\"853\" srcset=\"https:\/\/www.heljesten.nu\/wp-content\/uploads\/2013\/08\/2013-08-30-17.20.16-768x1024.jpg 768w, https:\/\/www.heljesten.nu\/wp-content\/uploads\/2013\/08\/2013-08-30-17.20.16-225x300.jpg 225w\" sizes=\"(max-width: 640px) 100vw, 640px\" \/><\/a>I nedre badrummet har Marcus n\u00e4stan satt f\u00e4rdigt allt v\u00e4ggkakel. Ett matt vitt H\u00f6gan\u00e4skakel, blev v\u00e4ldigt snyggt, tycker jag. Uppe hade han satt fog, men det fotade jag inte.<\/p>\n<p><a href=\"http:\/\/www.heljesten.nu\/wp-content\/uploads\/2013\/08\/2013-08-30-17.16.30.jpg\"><img decoding=\"async\" loading=\"lazy\" class=\"aligncenter size-large wp-image-2947\" alt=\"2013-08-30 17.16.30\" src=\"http:\/\/www.heljesten.nu\/wp-content\/uploads\/2013\/08\/2013-08-30-17.16.30-768x1024.jpg\" width=\"640\" height=\"853\" srcset=\"https:\/\/www.heljesten.nu\/wp-content\/uploads\/2013\/08\/2013-08-30-17.16.30-768x1024.jpg 768w, https:\/\/www.heljesten.nu\/wp-content\/uploads\/2013\/08\/2013-08-30-17.16.30-225x300.jpg 225w\" sizes=\"(max-width: 640px) 100vw, 640px\" \/><\/a>Och i k\u00f6ket har f\u00f6nstret rykt all v\u00e4rldens v\u00e4g. Det gick snabbt, minsann! Gipsskivor \u00e4r redan monterade runt nya h\u00e5let, s\u00e5 monteringen inne av k\u00f6ket kan forts\u00e4tta.<\/p>\n<p><a href=\"http:\/\/www.heljesten.nu\/wp-content\/uploads\/2013\/08\/2013-08-30-17.34.05.jpg\"><img decoding=\"async\" loading=\"lazy\" class=\"aligncenter size-large wp-image-2948\" alt=\"2013-08-30 17.34.05\" src=\"http:\/\/www.heljesten.nu\/wp-content\/uploads\/2013\/08\/2013-08-30-17.34.05-768x1024.jpg\" width=\"640\" height=\"853\" srcset=\"https:\/\/www.heljesten.nu\/wp-content\/uploads\/2013\/08\/2013-08-30-17.34.05-768x1024.jpg 768w, https:\/\/www.heljesten.nu\/wp-content\/uploads\/2013\/08\/2013-08-30-17.34.05-225x300.jpg 225w\" sizes=\"(max-width: 640px) 100vw, 640px\" \/><\/a>P\u00e5 utsidan sitter gamla panelen \u00e4nnu kvar, och har f\u00f6rgyllts av lite sp\u00e5nskivor s\u00e5 l\u00e4nge.<\/p>\n<p>&nbsp;<\/p>\n","protected":false},"excerpt":{"rendered":"<p>Jag har inte varit p\u00e5 torpet idag, f\u00f6rr\u00e4n jag \u00e5kte \u00f6ver med en fullastad sl\u00e4pk\u00e4rra p\u00e5 kv\u00e4llen med grejer till f\u00f6rr\u00e5det. Gick in s\u00e5klart f\u00f6r att kika p\u00e5 status. I vardagsrummet dominerar fortfarande alla mina ihopskruvade l\u00e5dor. Idag har jag skaffat snygga handtag till dem. Bild kommer fram\u00f6ver. I nedre badrummet har Marcus n\u00e4stan satt [&hellip;]<\/p>\n","protected":false},"author":1,"featured_media":0,"comment_status":"open","ping_status":"open","sticky":false,"template":"","format":"standard","meta":[],"categories":[244],"tags":[],"_links":{"self":[{"href":"https:\/\/www.heljesten.nu\/index.php?rest_route=\/wp\/v2\/posts\/2944"}],"collection":[{"href":"https:\/\/www.heljesten.nu\/index.php?rest_route=\/wp\/v2\/posts"}],"about":[{"href":"https:\/\/www.heljesten.nu\/index.php?rest_route=\/wp\/v2\/types\/post"}],"author":[{"embeddable":true,"href":"https:\/\/www.heljesten.nu\/index.php?rest_route=\/wp\/v2\/users\/1"}],"replies":[{"embeddable":true,"href":"https:\/\/www.heljesten.nu\/index.php?rest_route=%2Fwp%2Fv2%2Fcomments&post=2944"}],"version-history":[{"count":2,"href":"https:\/\/www.heljesten.nu\/index.php?rest_route=\/wp\/v2\/posts\/2944\/revisions"}],"predecessor-version":[{"id":2950,"href":"https:\/\/www.heljesten.nu\/index.php?rest_route=\/wp\/v2\/posts\/2944\/revisions\/2950"}],"wp:attachment":[{"href":"https:\/\/www.heljesten.nu\/index.php?rest_route=%2Fwp%2Fv2%2Fmedia&parent=2944"}],"wp:term":[{"taxonomy":"category","embeddable":true,"href":"https:\/\/www.heljesten.nu\/index.php?rest_route=%2Fwp%2Fv2%2Fcategories&post=2944"},{"taxonomy":"post_tag","embeddable":true,"href":"https:\/\/www.heljesten.nu\/index.php?rest_route=%2Fwp%2Fv2%2Ftags&post=2944"}],"curies":[{"name":"wp","href":"https:\/\/api.w.org\/{rel}","templated":true}]}}