{"id":2906,"date":"2013-08-23T22:14:08","date_gmt":"2013-08-23T20:14:08","guid":{"rendered":"http:\/\/www.heljesten.nu\/?p=2906"},"modified":"2013-08-23T22:14:08","modified_gmt":"2013-08-23T20:14:08","slug":"torsholma-efter-tre-veckor","status":"publish","type":"post","link":"https:\/\/www.heljesten.nu\/?p=2906","title":{"rendered":"Torsholma \u2013 efter tre veckor"},"content":{"rendered":"<p>Var i torpet idag igen och tapetserade lite. Jag \u00e4r s\u00e5 ringrostig att jag inte klarar mer \u00e4n typ en rulle i taget. Men innan helgen \u00e4r slut ska kontoret vara f\u00e4rdigtapetserat, d\u00e5 kommer det kanske upp en bild.<\/p>\n<p>Under tiden har Marcus varit flitig och lagt mitt k\u00f6ksgolv. S\u00e5 h\u00e4r fint blir det!<\/p>\n<p><a href=\"http:\/\/www.heljesten.nu\/wp-content\/uploads\/2013\/08\/2013-08-23-14.45.28.jpg\"><img decoding=\"async\" loading=\"lazy\" class=\"aligncenter size-large wp-image-2907\" alt=\"2013-08-23 14.45.28\" src=\"http:\/\/www.heljesten.nu\/wp-content\/uploads\/2013\/08\/2013-08-23-14.45.28-768x1024.jpg\" width=\"640\" height=\"853\" srcset=\"https:\/\/www.heljesten.nu\/wp-content\/uploads\/2013\/08\/2013-08-23-14.45.28-768x1024.jpg 768w, https:\/\/www.heljesten.nu\/wp-content\/uploads\/2013\/08\/2013-08-23-14.45.28-225x300.jpg 225w\" sizes=\"(max-width: 640px) 100vw, 640px\" \/><\/a> <a href=\"http:\/\/www.heljesten.nu\/wp-content\/uploads\/2013\/08\/2013-08-23-14.38.21.jpg\"><img decoding=\"async\" loading=\"lazy\" class=\"aligncenter size-large wp-image-2909\" alt=\"2013-08-23 14.38.21\" src=\"http:\/\/www.heljesten.nu\/wp-content\/uploads\/2013\/08\/2013-08-23-14.38.21-768x1024.jpg\" width=\"640\" height=\"853\" srcset=\"https:\/\/www.heljesten.nu\/wp-content\/uploads\/2013\/08\/2013-08-23-14.38.21-768x1024.jpg 768w, https:\/\/www.heljesten.nu\/wp-content\/uploads\/2013\/08\/2013-08-23-14.38.21-225x300.jpg 225w\" sizes=\"(max-width: 640px) 100vw, 640px\" \/><\/a> <a href=\"http:\/\/www.heljesten.nu\/wp-content\/uploads\/2013\/08\/2013-08-23-14.38.14.jpg\"><img decoding=\"async\" loading=\"lazy\" class=\"aligncenter size-large wp-image-2910\" alt=\"2013-08-23 14.38.14\" src=\"http:\/\/www.heljesten.nu\/wp-content\/uploads\/2013\/08\/2013-08-23-14.38.14-768x1024.jpg\" width=\"640\" height=\"853\" srcset=\"https:\/\/www.heljesten.nu\/wp-content\/uploads\/2013\/08\/2013-08-23-14.38.14-768x1024.jpg 768w, https:\/\/www.heljesten.nu\/wp-content\/uploads\/2013\/08\/2013-08-23-14.38.14-225x300.jpg 225w\" sizes=\"(max-width: 640px) 100vw, 640px\" \/><\/a>Och min exklusiva golvbrunn g\u00f6r sig nu fint i flytspacklet i badrummet.<\/p>\n<p><a href=\"http:\/\/www.heljesten.nu\/wp-content\/uploads\/2013\/08\/2013-08-23-14.39.01.jpg\"><img decoding=\"async\" loading=\"lazy\" class=\"aligncenter size-large wp-image-2908\" alt=\"2013-08-23 14.39.01\" src=\"http:\/\/www.heljesten.nu\/wp-content\/uploads\/2013\/08\/2013-08-23-14.39.01-768x1024.jpg\" width=\"640\" height=\"853\" srcset=\"https:\/\/www.heljesten.nu\/wp-content\/uploads\/2013\/08\/2013-08-23-14.39.01-768x1024.jpg 768w, https:\/\/www.heljesten.nu\/wp-content\/uploads\/2013\/08\/2013-08-23-14.39.01-225x300.jpg 225w\" sizes=\"(max-width: 640px) 100vw, 640px\" \/><\/a>Snart \u00e4r det dags f\u00f6r klinker och det exklusiva golvbrunnsgallret&#8230; \ud83d\ude42<\/p>\n<p>Jag h\u00e5ller som b\u00e4st p\u00e5 att fundera kring ny ytterd\u00f6rr. S\u00e5 h\u00e4r ser den befintliga ut.<\/p>\n<p><a href=\"http:\/\/www.heljesten.nu\/wp-content\/uploads\/2013\/08\/2013-08-20-18.25.51.jpg\"><img decoding=\"async\" loading=\"lazy\" class=\"aligncenter size-large wp-image-2911\" alt=\"2013-08-20 18.25.51\" src=\"http:\/\/www.heljesten.nu\/wp-content\/uploads\/2013\/08\/2013-08-20-18.25.51-768x1024.jpg\" width=\"640\" height=\"853\" srcset=\"https:\/\/www.heljesten.nu\/wp-content\/uploads\/2013\/08\/2013-08-20-18.25.51-768x1024.jpg 768w, https:\/\/www.heljesten.nu\/wp-content\/uploads\/2013\/08\/2013-08-20-18.25.51-225x300.jpg 225w\" sizes=\"(max-width: 640px) 100vw, 640px\" \/><\/a>Usch och fy. Och inte k\u00e4nns l\u00e5set n\u00e5t att h\u00e4nga i julgranen heller. Tyv\u00e4rr h\u00e5ller denna ytterd\u00f6rr de besynnerligaste m\u00e5tt, s\u00e5 en ny m\u00e5ste m\u00e5ttbest\u00e4llas. Forts\u00e4ttning f\u00f6ljer&#8230;<\/p>\n<p>&nbsp;<\/p>\n<p>&nbsp;<\/p>\n<p>&nbsp;<\/p>\n","protected":false},"excerpt":{"rendered":"<p>Var i torpet idag igen och tapetserade lite. Jag \u00e4r s\u00e5 ringrostig att jag inte klarar mer \u00e4n typ en rulle i taget. Men innan helgen \u00e4r slut ska kontoret vara f\u00e4rdigtapetserat, d\u00e5 kommer det kanske upp en bild. Under tiden har Marcus varit flitig och lagt mitt k\u00f6ksgolv. S\u00e5 h\u00e4r fint blir det! Och [&hellip;]<\/p>\n","protected":false},"author":1,"featured_media":0,"comment_status":"open","ping_status":"open","sticky":false,"template":"","format":"standard","meta":[],"categories":[244],"tags":[],"_links":{"self":[{"href":"https:\/\/www.heljesten.nu\/index.php?rest_route=\/wp\/v2\/posts\/2906"}],"collection":[{"href":"https:\/\/www.heljesten.nu\/index.php?rest_route=\/wp\/v2\/posts"}],"about":[{"href":"https:\/\/www.heljesten.nu\/index.php?rest_route=\/wp\/v2\/types\/post"}],"author":[{"embeddable":true,"href":"https:\/\/www.heljesten.nu\/index.php?rest_route=\/wp\/v2\/users\/1"}],"replies":[{"embeddable":true,"href":"https:\/\/www.heljesten.nu\/index.php?rest_route=%2Fwp%2Fv2%2Fcomments&post=2906"}],"version-history":[{"count":1,"href":"https:\/\/www.heljesten.nu\/index.php?rest_route=\/wp\/v2\/posts\/2906\/revisions"}],"predecessor-version":[{"id":2912,"href":"https:\/\/www.heljesten.nu\/index.php?rest_route=\/wp\/v2\/posts\/2906\/revisions\/2912"}],"wp:attachment":[{"href":"https:\/\/www.heljesten.nu\/index.php?rest_route=%2Fwp%2Fv2%2Fmedia&parent=2906"}],"wp:term":[{"taxonomy":"category","embeddable":true,"href":"https:\/\/www.heljesten.nu\/index.php?rest_route=%2Fwp%2Fv2%2Fcategories&post=2906"},{"taxonomy":"post_tag","embeddable":true,"href":"https:\/\/www.heljesten.nu\/index.php?rest_route=%2Fwp%2Fv2%2Ftags&post=2906"}],"curies":[{"name":"wp","href":"https:\/\/api.w.org\/{rel}","templated":true}]}}