{"id":2890,"date":"2013-08-20T23:57:36","date_gmt":"2013-08-20T21:57:36","guid":{"rendered":"http:\/\/www.heljesten.nu\/?p=2890"},"modified":"2013-08-20T23:57:36","modified_gmt":"2013-08-20T21:57:36","slug":"284-sommarang-nr-179-365","status":"publish","type":"post","link":"https:\/\/www.heljesten.nu\/?p=2890","title":{"rendered":"284 Sommar\u00e4ng nr 179 (365)"},"content":{"rendered":"<p><a href=\"http:\/\/www.heljesten.nu\/wp-content\/uploads\/2013\/08\/284_Sommar\u00e4ng_179-365.jpg\"><img decoding=\"async\" loading=\"lazy\" class=\"aligncenter size-large wp-image-2891\" alt=\"284_Sommar\u00e4ng_179-365\" src=\"http:\/\/www.heljesten.nu\/wp-content\/uploads\/2013\/08\/284_Sommar\u00e4ng_179-365-768x1024.jpg\" width=\"640\" height=\"853\" srcset=\"https:\/\/www.heljesten.nu\/wp-content\/uploads\/2013\/08\/284_Sommar\u00e4ng_179-365-768x1024.jpg 768w, https:\/\/www.heljesten.nu\/wp-content\/uploads\/2013\/08\/284_Sommar\u00e4ng_179-365-225x300.jpg 225w\" sizes=\"(max-width: 640px) 100vw, 640px\" \/><\/a>En otroligt vacker liten sommar\u00e4ng i Gagnef, som tyv\u00e4rr inte kommer till sin r\u00e4tt s\u00e5 h\u00e4r med mobilen p\u00e5 kv\u00e4llen. D\u00e4r nere vid bortre \u00e4nden av dammen gick korna ner f\u00f6r att dricka.<\/p>\n<p>&nbsp;<\/p>\n","protected":false},"excerpt":{"rendered":"<p>En otroligt vacker liten sommar\u00e4ng i Gagnef, som tyv\u00e4rr inte kommer till sin r\u00e4tt s\u00e5 h\u00e4r med mobilen p\u00e5 kv\u00e4llen. D\u00e4r nere vid bortre \u00e4nden av dammen gick korna ner f\u00f6r att dricka. &nbsp;<\/p>\n","protected":false},"author":1,"featured_media":0,"comment_status":"open","ping_status":"open","sticky":false,"template":"","format":"standard","meta":[],"categories":[235],"tags":[],"_links":{"self":[{"href":"https:\/\/www.heljesten.nu\/index.php?rest_route=\/wp\/v2\/posts\/2890"}],"collection":[{"href":"https:\/\/www.heljesten.nu\/index.php?rest_route=\/wp\/v2\/posts"}],"about":[{"href":"https:\/\/www.heljesten.nu\/index.php?rest_route=\/wp\/v2\/types\/post"}],"author":[{"embeddable":true,"href":"https:\/\/www.heljesten.nu\/index.php?rest_route=\/wp\/v2\/users\/1"}],"replies":[{"embeddable":true,"href":"https:\/\/www.heljesten.nu\/index.php?rest_route=%2Fwp%2Fv2%2Fcomments&post=2890"}],"version-history":[{"count":1,"href":"https:\/\/www.heljesten.nu\/index.php?rest_route=\/wp\/v2\/posts\/2890\/revisions"}],"predecessor-version":[{"id":2892,"href":"https:\/\/www.heljesten.nu\/index.php?rest_route=\/wp\/v2\/posts\/2890\/revisions\/2892"}],"wp:attachment":[{"href":"https:\/\/www.heljesten.nu\/index.php?rest_route=%2Fwp%2Fv2%2Fmedia&parent=2890"}],"wp:term":[{"taxonomy":"category","embeddable":true,"href":"https:\/\/www.heljesten.nu\/index.php?rest_route=%2Fwp%2Fv2%2Fcategories&post=2890"},{"taxonomy":"post_tag","embeddable":true,"href":"https:\/\/www.heljesten.nu\/index.php?rest_route=%2Fwp%2Fv2%2Ftags&post=2890"}],"curies":[{"name":"wp","href":"https:\/\/api.w.org\/{rel}","templated":true}]}}