{"id":2663,"date":"2013-07-06T16:47:12","date_gmt":"2013-07-06T14:47:12","guid":{"rendered":"http:\/\/www.heljesten.nu\/?p=2663"},"modified":"2013-07-06T16:47:12","modified_gmt":"2013-07-06T14:47:12","slug":"laddar-infor-labbecampen","status":"publish","type":"post","link":"https:\/\/www.heljesten.nu\/?p=2663","title":{"rendered":"Laddar inf\u00f6r Labbecampen"},"content":{"rendered":"<p>Det \u00e4r mycket nu, bloggen blir gravt lidande.<\/p>\n<p>Var iallafall ute b\u00e5de h\u00e4romdagen och idag och tr\u00e4nade lite n\u00e4rs\u00f6k \u00e0 la Jens. Nu sitter han inte som en stenstod l\u00e4ngre n\u00e4r man byter sida, utan g\u00e5r ganska sj\u00e4lvklart. Lite mer n\u00f6tande s\u00e5 kommer tveksamheterna att vara helt borta.<\/p>\n<p>Annars p\u00e5g\u00e5r packandet f\u00f6r fullt inf\u00f6r Labbecampen uppe i J\u00e4mtland. En hel vecka med bara hundn\u00f6rderi och trevligt s\u00e4llskap. Myggmedel \u00e4r det som st\u00e5r upprepade g\u00e5nger p\u00e5 packlistan. Det kan man inte ta med sig nog mycket av!<\/p>\n<p>F\u00e5r se om det finns t\u00e4ckning nog f\u00f6r n\u00e5gon bild eller annat inl\u00e4gg d\u00e4rifr\u00e5n, annars f\u00e5r det v\u00e4l komma n\u00e5n sammanfattning senare. Mycket skojigt ska det bli iallafall!<\/p>\n","protected":false},"excerpt":{"rendered":"<p>Det \u00e4r mycket nu, bloggen blir gravt lidande. Var iallafall ute b\u00e5de h\u00e4romdagen och idag och tr\u00e4nade lite n\u00e4rs\u00f6k \u00e0 la Jens. Nu sitter han inte som en stenstod l\u00e4ngre n\u00e4r man byter sida, utan g\u00e5r ganska sj\u00e4lvklart. Lite mer n\u00f6tande s\u00e5 kommer tveksamheterna att vara helt borta. Annars p\u00e5g\u00e5r packandet f\u00f6r fullt inf\u00f6r Labbecampen [&hellip;]<\/p>\n","protected":false},"author":1,"featured_media":0,"comment_status":"open","ping_status":"open","sticky":false,"template":"","format":"standard","meta":[],"categories":[3,61,39,169],"tags":[],"_links":{"self":[{"href":"https:\/\/www.heljesten.nu\/index.php?rest_route=\/wp\/v2\/posts\/2663"}],"collection":[{"href":"https:\/\/www.heljesten.nu\/index.php?rest_route=\/wp\/v2\/posts"}],"about":[{"href":"https:\/\/www.heljesten.nu\/index.php?rest_route=\/wp\/v2\/types\/post"}],"author":[{"embeddable":true,"href":"https:\/\/www.heljesten.nu\/index.php?rest_route=\/wp\/v2\/users\/1"}],"replies":[{"embeddable":true,"href":"https:\/\/www.heljesten.nu\/index.php?rest_route=%2Fwp%2Fv2%2Fcomments&post=2663"}],"version-history":[{"count":1,"href":"https:\/\/www.heljesten.nu\/index.php?rest_route=\/wp\/v2\/posts\/2663\/revisions"}],"predecessor-version":[{"id":2664,"href":"https:\/\/www.heljesten.nu\/index.php?rest_route=\/wp\/v2\/posts\/2663\/revisions\/2664"}],"wp:attachment":[{"href":"https:\/\/www.heljesten.nu\/index.php?rest_route=%2Fwp%2Fv2%2Fmedia&parent=2663"}],"wp:term":[{"taxonomy":"category","embeddable":true,"href":"https:\/\/www.heljesten.nu\/index.php?rest_route=%2Fwp%2Fv2%2Fcategories&post=2663"},{"taxonomy":"post_tag","embeddable":true,"href":"https:\/\/www.heljesten.nu\/index.php?rest_route=%2Fwp%2Fv2%2Ftags&post=2663"}],"curies":[{"name":"wp","href":"https:\/\/api.w.org\/{rel}","templated":true}]}}