{"id":2527,"date":"2013-06-06T11:47:06","date_gmt":"2013-06-06T09:47:06","guid":{"rendered":"http:\/\/www.heljesten.nu\/?p=2527"},"modified":"2013-06-06T11:47:06","modified_gmt":"2013-06-06T09:47:06","slug":"utan-traningsvark-i-verka","status":"publish","type":"post","link":"https:\/\/www.heljesten.nu\/?p=2527","title":{"rendered":"Utan tr\u00e4ningsv\u00e4rk i Verka"},"content":{"rendered":"<p>Ig\u00e5r bj\u00f6ds det finfin tr\u00e4ning i Verka. Det var Ulrika och Carina som hade f\u00f6rberett, bara f\u00f6r Mona, Annika och mig att rulla in p\u00e5 g\u00e5rdsplanen och njuta av det fina v\u00e4dret och den goda planeringen av diverse utlagda dirigeringsst\u00e4llen.<\/p>\n<p>Sv\u00e5righeterna bestod i h\u00f6g och sn\u00e5rig vegetation, st\u00f6rningsmarkeringar, sm\u00e5dammar och diken samt (tror jag) en kniphona med en r\u00e4cka ungar.<\/p>\n<p style=\"text-align: center;\"><a href=\"https:\/\/www.google.se\/url?sa=i&amp;rct=j&amp;q=&amp;esrc=s&amp;source=images&amp;cd=&amp;cad=rja&amp;docid=7w702OqqruBenM&amp;tbnid=dFUOKUDdGDsjmM:&amp;ved=0CAUQjRw&amp;url=http%3A%2F%2Fwww.hassleholm.se%2F40474&amp;ei=eVmwUYzGFcLo4QSWsYCACQ&amp;bvm=bv.47534661,d.bGE&amp;psig=AFQjCNFndsO8DnU_AXeCLdeyernwRUp3WQ&amp;ust=1370598118533749\"><img decoding=\"async\" loading=\"lazy\" class=\"aligncenter\" alt=\"\" src=\"http:\/\/www.hassleholm.se\/images\/generated\/KNIPAN__med_ungar_1446a09b-52c4-4c6e-9beb-278aaa57c70f.jpg\" width=\"319\" height=\"253\" \/><\/a><em>Stulen fr\u00e5n internet, men s\u00e5 h\u00e4r ungef\u00e4r s\u00e5g det ut.<\/em><\/p>\n<p style=\"text-align: left;\">Lakrits redde ut det mesta, inklusive st\u00f6rningarna, men var bra tr\u00f6tt p\u00e5 slutet. Han letade mycket noggrant och l\u00e4nge p\u00e5 ett st\u00e4lle, d\u00e4r det tog l\u00e5ng tid innan han fyndade. Sen kom n\u00e4sta hund och fyndade n\u00e4stan med det samma. H\u00e4pp?!<\/p>\n<p style=\"text-align: left;\">Den grunda dammen funkade bra att ta ett svalkande bad i, vilket nog r\u00e4ddade Lakrits dag.<\/p>\n<p style=\"text-align: left;\">Tack f\u00f6r bra tr\u00e4ning \u00e4n en g\u00e5ng!<\/p>\n<p>&nbsp;<\/p>\n","protected":false},"excerpt":{"rendered":"<p>Ig\u00e5r bj\u00f6ds det finfin tr\u00e4ning i Verka. Det var Ulrika och Carina som hade f\u00f6rberett, bara f\u00f6r Mona, Annika och mig att rulla in p\u00e5 g\u00e5rdsplanen och njuta av det fina v\u00e4dret och den goda planeringen av diverse utlagda dirigeringsst\u00e4llen. Sv\u00e5righeterna bestod i h\u00f6g och sn\u00e5rig vegetation, st\u00f6rningsmarkeringar, sm\u00e5dammar och diken samt (tror jag) en [&hellip;]<\/p>\n","protected":false},"author":1,"featured_media":0,"comment_status":"open","ping_status":"open","sticky":false,"template":"","format":"standard","meta":[],"categories":[6,3,8],"tags":[],"_links":{"self":[{"href":"https:\/\/www.heljesten.nu\/index.php?rest_route=\/wp\/v2\/posts\/2527"}],"collection":[{"href":"https:\/\/www.heljesten.nu\/index.php?rest_route=\/wp\/v2\/posts"}],"about":[{"href":"https:\/\/www.heljesten.nu\/index.php?rest_route=\/wp\/v2\/types\/post"}],"author":[{"embeddable":true,"href":"https:\/\/www.heljesten.nu\/index.php?rest_route=\/wp\/v2\/users\/1"}],"replies":[{"embeddable":true,"href":"https:\/\/www.heljesten.nu\/index.php?rest_route=%2Fwp%2Fv2%2Fcomments&post=2527"}],"version-history":[{"count":1,"href":"https:\/\/www.heljesten.nu\/index.php?rest_route=\/wp\/v2\/posts\/2527\/revisions"}],"predecessor-version":[{"id":2528,"href":"https:\/\/www.heljesten.nu\/index.php?rest_route=\/wp\/v2\/posts\/2527\/revisions\/2528"}],"wp:attachment":[{"href":"https:\/\/www.heljesten.nu\/index.php?rest_route=%2Fwp%2Fv2%2Fmedia&parent=2527"}],"wp:term":[{"taxonomy":"category","embeddable":true,"href":"https:\/\/www.heljesten.nu\/index.php?rest_route=%2Fwp%2Fv2%2Fcategories&post=2527"},{"taxonomy":"post_tag","embeddable":true,"href":"https:\/\/www.heljesten.nu\/index.php?rest_route=%2Fwp%2Fv2%2Ftags&post=2527"}],"curies":[{"name":"wp","href":"https:\/\/api.w.org\/{rel}","templated":true}]}}