{"id":2520,"date":"2013-06-03T12:59:59","date_gmt":"2013-06-03T10:59:59","guid":{"rendered":"http:\/\/www.heljesten.nu\/?p=2520"},"modified":"2013-06-03T13:02:05","modified_gmt":"2013-06-03T11:02:05","slug":"fallt-var-det-har","status":"publish","type":"post","link":"https:\/\/www.heljesten.nu\/?p=2520","title":{"rendered":"F\u00e4llt var det h\u00e4r!"},"content":{"rendered":"<p><img decoding=\"async\" loading=\"lazy\" class=\"aligncenter\" alt=\"\" src=\"https:\/\/fbcdn-sphotos-b-a.akamaihd.net\/hphotos-ak-ash3\/q71\/s480x480\/945604_10151463531278947_1829564061_n.jpg\" width=\"360\" height=\"480\" \/><\/p>\n<p>Idag var det \u00e4ntligen dags. Redan med f\u00f6rra grannarna diskuterade vi nedtagning av de enorma tujor som stod mellan v\u00e5ra ytterst n\u00e4rliggande hus. Det blev aldrig av och nya grannar flyttade in. \u00c4ven de b\u00f6rjade prata om tujorna.<\/p>\n<p>Och dessa tujor st\u00f6rde oss mer \u00e4n grannarna, tror jag \u2013 tog bort ljus fr\u00e5n det redan m\u00f6rka nordosth\u00e5llet och n\u00e4r det bl\u00e5ste skrapade grenarna otrevligt p\u00e5 v\u00e5r fasad och hustak.<\/p>\n<p>Idag kom de s\u00e5 \u00e4ntligen, de inhyrda arboristerna. De avkvistade snabbt de h\u00f6gsta tr\u00e4den och s\u00e5gade sedan ned stammarna bit f\u00f6r bit. Imponerande skickligt. Och b\u00e5da husen klarade sig oskadda.<\/p>\n<p>V\u00e5rt k\u00f6k och matplats har aldrig varit s\u00e5 ljust tidigare. Nu \u00e4r n\u00e4sta fr\u00e5ga vad som ska planteras vid tomtgr\u00e4nsen ist\u00e4llet. Avenbok, n\u00e5gon?<\/p>\n","protected":false},"excerpt":{"rendered":"<p>Idag var det \u00e4ntligen dags. Redan med f\u00f6rra grannarna diskuterade vi nedtagning av de enorma tujor som stod mellan v\u00e5ra ytterst n\u00e4rliggande hus. Det blev aldrig av och nya grannar flyttade in. \u00c4ven de b\u00f6rjade prata om tujorna. Och dessa tujor st\u00f6rde oss mer \u00e4n grannarna, tror jag \u2013 tog bort ljus fr\u00e5n det redan [&hellip;]<\/p>\n","protected":false},"author":1,"featured_media":0,"comment_status":"open","ping_status":"open","sticky":false,"template":"","format":"standard","meta":[],"categories":[1],"tags":[],"_links":{"self":[{"href":"https:\/\/www.heljesten.nu\/index.php?rest_route=\/wp\/v2\/posts\/2520"}],"collection":[{"href":"https:\/\/www.heljesten.nu\/index.php?rest_route=\/wp\/v2\/posts"}],"about":[{"href":"https:\/\/www.heljesten.nu\/index.php?rest_route=\/wp\/v2\/types\/post"}],"author":[{"embeddable":true,"href":"https:\/\/www.heljesten.nu\/index.php?rest_route=\/wp\/v2\/users\/1"}],"replies":[{"embeddable":true,"href":"https:\/\/www.heljesten.nu\/index.php?rest_route=%2Fwp%2Fv2%2Fcomments&post=2520"}],"version-history":[{"count":3,"href":"https:\/\/www.heljesten.nu\/index.php?rest_route=\/wp\/v2\/posts\/2520\/revisions"}],"predecessor-version":[{"id":2523,"href":"https:\/\/www.heljesten.nu\/index.php?rest_route=\/wp\/v2\/posts\/2520\/revisions\/2523"}],"wp:attachment":[{"href":"https:\/\/www.heljesten.nu\/index.php?rest_route=%2Fwp%2Fv2%2Fmedia&parent=2520"}],"wp:term":[{"taxonomy":"category","embeddable":true,"href":"https:\/\/www.heljesten.nu\/index.php?rest_route=%2Fwp%2Fv2%2Fcategories&post=2520"},{"taxonomy":"post_tag","embeddable":true,"href":"https:\/\/www.heljesten.nu\/index.php?rest_route=%2Fwp%2Fv2%2Ftags&post=2520"}],"curies":[{"name":"wp","href":"https:\/\/api.w.org\/{rel}","templated":true}]}}