{"id":2282,"date":"2013-05-05T11:50:39","date_gmt":"2013-05-05T09:50:39","guid":{"rendered":"http:\/\/www.heljesten.nu\/?p=2282"},"modified":"2013-05-05T11:50:39","modified_gmt":"2013-05-05T09:50:39","slug":"373-impressionism-eget-tema-nr-113-365","status":"publish","type":"post","link":"https:\/\/www.heljesten.nu\/?p=2282","title":{"rendered":"373 Impressionism (eget tema) nr 113 (365)"},"content":{"rendered":"<p><a href=\"http:\/\/www.heljesten.nu\/wp-content\/uploads\/2013\/05\/373_Impressionism_113-365-4.jpg\"><img decoding=\"async\" loading=\"lazy\" class=\"aligncenter size-large wp-image-2283\" alt=\"373_Impressionism_113-365-4\" src=\"http:\/\/www.heljesten.nu\/wp-content\/uploads\/2013\/05\/373_Impressionism_113-365-4-683x1024.jpg\" width=\"640\" height=\"959\" srcset=\"https:\/\/www.heljesten.nu\/wp-content\/uploads\/2013\/05\/373_Impressionism_113-365-4-683x1024.jpg 683w, https:\/\/www.heljesten.nu\/wp-content\/uploads\/2013\/05\/373_Impressionism_113-365-4-200x300.jpg 200w, https:\/\/www.heljesten.nu\/wp-content\/uploads\/2013\/05\/373_Impressionism_113-365-4.jpg 830w\" sizes=\"(max-width: 640px) 100vw, 640px\" \/><\/a><\/p>\n<p>&nbsp;<\/p>\n<p>Den h\u00e4r serien bilder f\u00e5r mig att t\u00e4nka p\u00e5 de gamla impressionisterna, s\u00e5 jag skapar ett eget tema med namnet Impressionism.<\/p>\n<p>Bilden \u00e4r tagen med 50 mm objektiv, 0,8 sekunder, f 11 och ISO 100.<\/p>\n","protected":false},"excerpt":{"rendered":"<p>&nbsp; Den h\u00e4r serien bilder f\u00e5r mig att t\u00e4nka p\u00e5 de gamla impressionisterna, s\u00e5 jag skapar ett eget tema med namnet Impressionism. Bilden \u00e4r tagen med 50 mm objektiv, 0,8 sekunder, f 11 och ISO 100.<\/p>\n","protected":false},"author":1,"featured_media":0,"comment_status":"open","ping_status":"open","sticky":false,"template":"","format":"standard","meta":[],"categories":[235,79],"tags":[],"_links":{"self":[{"href":"https:\/\/www.heljesten.nu\/index.php?rest_route=\/wp\/v2\/posts\/2282"}],"collection":[{"href":"https:\/\/www.heljesten.nu\/index.php?rest_route=\/wp\/v2\/posts"}],"about":[{"href":"https:\/\/www.heljesten.nu\/index.php?rest_route=\/wp\/v2\/types\/post"}],"author":[{"embeddable":true,"href":"https:\/\/www.heljesten.nu\/index.php?rest_route=\/wp\/v2\/users\/1"}],"replies":[{"embeddable":true,"href":"https:\/\/www.heljesten.nu\/index.php?rest_route=%2Fwp%2Fv2%2Fcomments&post=2282"}],"version-history":[{"count":1,"href":"https:\/\/www.heljesten.nu\/index.php?rest_route=\/wp\/v2\/posts\/2282\/revisions"}],"predecessor-version":[{"id":2284,"href":"https:\/\/www.heljesten.nu\/index.php?rest_route=\/wp\/v2\/posts\/2282\/revisions\/2284"}],"wp:attachment":[{"href":"https:\/\/www.heljesten.nu\/index.php?rest_route=%2Fwp%2Fv2%2Fmedia&parent=2282"}],"wp:term":[{"taxonomy":"category","embeddable":true,"href":"https:\/\/www.heljesten.nu\/index.php?rest_route=%2Fwp%2Fv2%2Fcategories&post=2282"},{"taxonomy":"post_tag","embeddable":true,"href":"https:\/\/www.heljesten.nu\/index.php?rest_route=%2Fwp%2Fv2%2Ftags&post=2282"}],"curies":[{"name":"wp","href":"https:\/\/api.w.org\/{rel}","templated":true}]}}