{"id":2278,"date":"2013-05-05T07:36:08","date_gmt":"2013-05-05T05:36:08","guid":{"rendered":"http:\/\/www.heljesten.nu\/?p=2278"},"modified":"2013-05-05T00:38:28","modified_gmt":"2013-05-04T22:38:28","slug":"117-harprydnad-nr-112-365","status":"publish","type":"post","link":"https:\/\/www.heljesten.nu\/?p=2278","title":{"rendered":"117 H\u00e5rprydnad nr 112 (365)"},"content":{"rendered":"<p><a href=\"http:\/\/www.heljesten.nu\/wp-content\/uploads\/2013\/05\/117_H\u00e5rprydnad_112-365.jpg\"><img decoding=\"async\" loading=\"lazy\" class=\"aligncenter size-full wp-image-2279\" alt=\"117_H\u00e5rprydnad_112-365\" src=\"http:\/\/www.heljesten.nu\/wp-content\/uploads\/2013\/05\/117_H\u00e5rprydnad_112-365.jpg\" width=\"248\" height=\"372\" srcset=\"https:\/\/www.heljesten.nu\/wp-content\/uploads\/2013\/05\/117_H\u00e5rprydnad_112-365.jpg 248w, https:\/\/www.heljesten.nu\/wp-content\/uploads\/2013\/05\/117_H\u00e5rprydnad_112-365-200x300.jpg 200w\" sizes=\"(max-width: 248px) 100vw, 248px\" \/><\/a><\/p>\n<p>&nbsp;<\/p>\n<p>Denna h\u00e5rprydnad hade min dotter fixat iordning helt p\u00e5 egen hand inf\u00f6r danst\u00e4vlingen.<\/p>\n<p>Bilden \u00e4r tagen med 50 mm objektiv, 1\/320-dels sekund, f 1,4 och ISO 320. D\u00e4refter \u00e4r den h\u00e5rt beskuren i Photoshop.<\/p>\n","protected":false},"excerpt":{"rendered":"<p>&nbsp; Denna h\u00e5rprydnad hade min dotter fixat iordning helt p\u00e5 egen hand inf\u00f6r danst\u00e4vlingen. Bilden \u00e4r tagen med 50 mm objektiv, 1\/320-dels sekund, f 1,4 och ISO 320. D\u00e4refter \u00e4r den h\u00e5rt beskuren i Photoshop.<\/p>\n","protected":false},"author":1,"featured_media":0,"comment_status":"open","ping_status":"open","sticky":false,"template":"","format":"standard","meta":[],"categories":[235,79],"tags":[],"_links":{"self":[{"href":"https:\/\/www.heljesten.nu\/index.php?rest_route=\/wp\/v2\/posts\/2278"}],"collection":[{"href":"https:\/\/www.heljesten.nu\/index.php?rest_route=\/wp\/v2\/posts"}],"about":[{"href":"https:\/\/www.heljesten.nu\/index.php?rest_route=\/wp\/v2\/types\/post"}],"author":[{"embeddable":true,"href":"https:\/\/www.heljesten.nu\/index.php?rest_route=\/wp\/v2\/users\/1"}],"replies":[{"embeddable":true,"href":"https:\/\/www.heljesten.nu\/index.php?rest_route=%2Fwp%2Fv2%2Fcomments&post=2278"}],"version-history":[{"count":2,"href":"https:\/\/www.heljesten.nu\/index.php?rest_route=\/wp\/v2\/posts\/2278\/revisions"}],"predecessor-version":[{"id":2281,"href":"https:\/\/www.heljesten.nu\/index.php?rest_route=\/wp\/v2\/posts\/2278\/revisions\/2281"}],"wp:attachment":[{"href":"https:\/\/www.heljesten.nu\/index.php?rest_route=%2Fwp%2Fv2%2Fmedia&parent=2278"}],"wp:term":[{"taxonomy":"category","embeddable":true,"href":"https:\/\/www.heljesten.nu\/index.php?rest_route=%2Fwp%2Fv2%2Fcategories&post=2278"},{"taxonomy":"post_tag","embeddable":true,"href":"https:\/\/www.heljesten.nu\/index.php?rest_route=%2Fwp%2Fv2%2Ftags&post=2278"}],"curies":[{"name":"wp","href":"https:\/\/api.w.org\/{rel}","templated":true}]}}