{"id":1439,"date":"2012-12-27T11:14:54","date_gmt":"2012-12-27T10:14:54","guid":{"rendered":"http:\/\/www.heljesten.nu\/?p=1439"},"modified":"2012-12-27T11:14:54","modified_gmt":"2012-12-27T10:14:54","slug":"akte-till-arninge","status":"publish","type":"post","link":"https:\/\/www.heljesten.nu\/?p=1439","title":{"rendered":"\u00c5kte till Arninge"},"content":{"rendered":"<p>Ig\u00e5r kv\u00e4ll var Lakrits riktigt h\u00e4ngig, kunde i och f\u00f6r sig g\u00e5 ut och pinka i hagen, men han l\u00e5g kvar i b\u00e4dden n\u00e4r man kom ner. Normalt kommer han en till m\u00f6tes, men nu var det bara svansen som tillk\u00e4nnagav att han v\u00e4lkomnade en.<\/p>\n<p>Lite tidigare p\u00e5 eftermiddagen gick han, Jungman och Kasper (f\u00f6rd av 7-\u00e5rige Axel) p\u00e5 en kortare promenad. D\u00e5 kl\u00e4ttrade han upp p\u00e5 en sn\u00f6driva och ut exploderade en rej\u00e4l diarr\u00e9skv\u00e4tt, enbart v\u00e4tska. I \u00f6vrigt har allt kommit upp munv\u00e4gen.<\/p>\n<p>Jag var uppe ett par g\u00e5nger i natt och f\u00f6rs\u00f6kte kl\u00e4mma i honom lite v\u00e4tskeers\u00e4ttning. Sv\u00e5rt, f\u00f6r han vill ju inte \u00f6ppna munnen och n\u00e4r han v\u00e4l g\u00f6r det tenderar merparten \u00e4nd\u00e5 att hamna vid sidan. Lite har jag \u00e4nd\u00e5 f\u00e5tt i honom. S\u00e5 n\u00e5n g\u00e5ng p\u00e5 morgontimmarna h\u00f6rde jag hur han drack. N\u00e4r jag kom ner ett par timmar senare var\u00a0vattensk\u00e5len tom\u00a0och det l\u00e5g stora p\u00f6lar p\u00e5 golvet och i hans b\u00e4dd. Han hade f\u00e5tt upp mesta vattnet igen. Men lite m\u00e5ste kroppen \u00e4nd\u00e5 ha tillgodogjort sig, f\u00f6r han var lite piggare \u00e4n ig\u00e5r kv\u00e4ll.<\/p>\n<p>Jag best\u00e4mde mig \u00e4nd\u00e5 f\u00f6r att ringa veterin\u00e4ren, och de tyckte jag skulle komma in med honom. Vallentuna var inte \u00f6ppet, s\u00e5 det fick bli Arninge. Vi fick g\u00e5 in en sidoing\u00e5ng f\u00f6r den h\u00e4ndelse det var n\u00e5t smittsamt. Nu var jag ju ganska s\u00e4ker p\u00e5 att det inte var det eftersom Kasper \u00e4r hur pigg som helst, och tempen visade sig vara normal p\u00e5 38,2. Veterin\u00e4ren kom och k\u00e4nde igenom honom och tyckte att magen verkade normal. Han reagerade inte s\u00e4rskilt p\u00e5 att hon kl\u00e4mde, mer \u00e4n att han ideligen ville l\u00e4gga sig ner igen p\u00e5 bordet.<\/p>\n<p>Hon tyckte inte att hon i dagsl\u00e4get beh\u00f6vde beh\u00e5lla honom utan att jag kan forts\u00e4tta ge vatten och n\u00e5gra skedar mat varannan timme och dessutom ge uppstoppande\u00a0Canikur. Han skulle g\u00e5 p\u00e5 samma foder som Kasper redan har, s\u00e5 jag k\u00f6pte bara n\u00e5gra konservburkar att b\u00f6rja med plus ett par f\u00f6rpackningar Canikur. M\u00e4rker jag att han forts\u00e4tter spy och inte f\u00e5r beh\u00e5lla n\u00e5t av vad jag stoppar i honom ska jag ringa ikv\u00e4ll s\u00e5 f\u00e5r han komma in p\u00e5 ickeakut tid imorgon.<\/p>\n<p>Normalt sett \u00e4r han m\u00e5ttligt f\u00f6rtjust i Canikurtabletterna, men nu var han s\u00e5 hungrig att han tog dem direkt n\u00e4r jag kastade dem till honom som bel\u00f6ning. S\u00e5 varvade jag med en liten sked I\/D-foder, en Canikur till osv tills alla fyra tabletterna var svalda. En sista liten sked I\/D blandade jag med lite v\u00e4tskeers\u00e4ttning och d\u00e5 slurpade han i sig det.<\/p>\n<p>Hoppas nu att han f\u00e5r beh\u00e5lla detta och piggar p\u00e5 sig s\u00e5 vi slipper \u00e5terv\u00e4nda till Arninge Djurklinik.<\/p>\n","protected":false},"excerpt":{"rendered":"<p>Ig\u00e5r kv\u00e4ll var Lakrits riktigt h\u00e4ngig, kunde i och f\u00f6r sig g\u00e5 ut och pinka i hagen, men han l\u00e5g kvar i b\u00e4dden n\u00e4r man kom ner. Normalt kommer han en till m\u00f6tes, men nu var det bara svansen som tillk\u00e4nnagav att han v\u00e4lkomnade en. Lite tidigare p\u00e5 eftermiddagen gick han, Jungman och Kasper (f\u00f6rd [&hellip;]<\/p>\n","protected":false},"author":1,"featured_media":0,"comment_status":"open","ping_status":"open","sticky":false,"template":"","format":"standard","meta":[],"categories":[3,95],"tags":[],"_links":{"self":[{"href":"https:\/\/www.heljesten.nu\/index.php?rest_route=\/wp\/v2\/posts\/1439"}],"collection":[{"href":"https:\/\/www.heljesten.nu\/index.php?rest_route=\/wp\/v2\/posts"}],"about":[{"href":"https:\/\/www.heljesten.nu\/index.php?rest_route=\/wp\/v2\/types\/post"}],"author":[{"embeddable":true,"href":"https:\/\/www.heljesten.nu\/index.php?rest_route=\/wp\/v2\/users\/1"}],"replies":[{"embeddable":true,"href":"https:\/\/www.heljesten.nu\/index.php?rest_route=%2Fwp%2Fv2%2Fcomments&post=1439"}],"version-history":[{"count":1,"href":"https:\/\/www.heljesten.nu\/index.php?rest_route=\/wp\/v2\/posts\/1439\/revisions"}],"predecessor-version":[{"id":1440,"href":"https:\/\/www.heljesten.nu\/index.php?rest_route=\/wp\/v2\/posts\/1439\/revisions\/1440"}],"wp:attachment":[{"href":"https:\/\/www.heljesten.nu\/index.php?rest_route=%2Fwp%2Fv2%2Fmedia&parent=1439"}],"wp:term":[{"taxonomy":"category","embeddable":true,"href":"https:\/\/www.heljesten.nu\/index.php?rest_route=%2Fwp%2Fv2%2Fcategories&post=1439"},{"taxonomy":"post_tag","embeddable":true,"href":"https:\/\/www.heljesten.nu\/index.php?rest_route=%2Fwp%2Fv2%2Ftags&post=1439"}],"curies":[{"name":"wp","href":"https:\/\/api.w.org\/{rel}","templated":true}]}}