{"id":1347,"date":"2007-08-19T12:42:00","date_gmt":"2007-08-19T10:42:00","guid":{"rendered":"http:\/\/www.heljesten.nu\/?p=1347"},"modified":"2007-08-19T12:42:00","modified_gmt":"2007-08-19T10:42:00","slug":"kasper-reser-hem","status":"publish","type":"post","link":"https:\/\/www.heljesten.nu\/?p=1347","title":{"rendered":"Kasper reser hem"},"content":{"rendered":"<p><a href=\"http:\/\/3.bp.blogspot.com\/_GkK1i6dbjdc\/Rsgt9uoqpvI\/AAAAAAAAACc\/HxVSHPAEHNE\/s1600-h\/070818_kasper_i_saras_famn.jpg\"><img decoding=\"async\" id=\"BLOGGER_PHOTO_ID_5100377116510955250\" style=\"FLOAT: left; MARGIN: 0px 10px 10px 0px; CURSOR: hand\" alt=\"\" src=\"http:\/\/3.bp.blogspot.com\/_GkK1i6dbjdc\/Rsgt9uoqpvI\/AAAAAAAAACc\/HxVSHPAEHNE\/s320\/070818_kasper_i_saras_famn.jpg\" border=\"0\" \/><\/a><\/p>\n<div>\n<\/div>\n<div><\/div>\n<div><\/div>\n<div>Den 18 augusti, exakt samma dag som n\u00e4r vi flyttade in i huset i Vallentuna f\u00f6r fyra \u00e5r sen, reste Kasper hem fr\u00e5n V\u00e4xj\u00f6 till Vallentuna. Det var en l\u00e5ng resa, men den gick riktigt bra. <\/div>\n<div><\/div>\n<div><\/div>\n<div>Vi rastade p\u00e5 de st\u00e4llen vi planerat plus ett extrast\u00e4lle. Han kissade som p\u00e5 befallning, och fick l\u00e5nglunchlek i en kompis tr\u00e4dg\u00e5rd i J\u00f6nk\u00f6pingstrakten. <\/div>\n<div> <\/div>\n<div> <\/div>\n<div> <\/div>\n<div>\n<p><\/p>\n<div><\/div>\n<p><\/p>\n<div><a href=\"http:\/\/4.bp.blogspot.com\/_GkK1i6dbjdc\/Rsgtk-oqptI\/AAAAAAAAACM\/C-HNO8XYw_k\/s1600-h\/070818_kasper_i_gr\u00e4set.jpg\"><img decoding=\"async\" id=\"BLOGGER_PHOTO_ID_5100376691309192914\" style=\"FLOAT: left; MARGIN: 0px 10px 10px 0px; CURSOR: hand\" alt=\"\" src=\"http:\/\/4.bp.blogspot.com\/_GkK1i6dbjdc\/Rsgtk-oqptI\/AAAAAAAAACM\/C-HNO8XYw_k\/s320\/070818_kasper_i_gr\u00e4set.jpg\" border=\"0\" \/><\/a><a href=\"http:\/\/4.bp.blogspot.com\/_GkK1i6dbjdc\/Rsgtf-oqpsI\/AAAAAAAAACE\/1bgHkK_dqe0\/s1600-h\/070818_kasper_hittar_l\u00f6v.jpg\"><img decoding=\"async\" id=\"BLOGGER_PHOTO_ID_5100376605409846978\" style=\"FLOAT: left; MARGIN: 0px 10px 10px 0px; CURSOR: hand\" alt=\"\" src=\"http:\/\/4.bp.blogspot.com\/_GkK1i6dbjdc\/Rsgtf-oqpsI\/AAAAAAAAACE\/1bgHkK_dqe0\/s320\/070818_kasper_hittar_l\u00f6v.jpg\" border=\"0\" \/><\/a><\/p>\n<div><\/div>\n<div> <\/div>\n<div>Inatt har jag sovit bredvid honom i k\u00f6ket. F\u00f6rutom att vi gick p\u00e5 bajsjakt vid halv 12 med ficklampa (trodde inte han skulle bajsa d\u00e5, s\u00e5 hade inte med n\u00e5n p\u00e5se) och han nosade r\u00e4tt p\u00e5 bajset \u00e5t mig (duktig Kasper! :D) s\u00e5 var vi ute en snabbis vid tre-tiden och sen vid sex. Inte s\u00e5 illa, men jag var tr\u00f6tt \u00e4nd\u00e5 i morse av allt. <\/div>\n<div>Idag har jag b\u00f6rjat klicka in honom och han visar tydliga k\u00f6ttbullstalanger ;). Annars \u00e4r han v\u00e4ldigt kampig, men jag ser det mest som ett tr\u00f6tthetstecken. N\u00e4r han blir f\u00f6r jobbig har jag lagt honom bakom galler och d\u00e5 har han snart somnat. <\/div>\n<div>Har nu k\u00f6pt en badkarsmatta s\u00e5 han kan f\u00e5 bli lite ren. Uppf\u00f6daren tyckte vi skulle tv\u00e4tta honom ig\u00e5r, men jag tyckte det var \u00f6verkurs efter den l\u00e5nga resan. Annars \u00e4ter och bajsar han, vilket jag tolkar som att han kommit lite till ro h\u00e4r.<\/div>\n<\/div>\n<\/div>\n","protected":false},"excerpt":{"rendered":"<p>Den 18 augusti, exakt samma dag som n\u00e4r vi flyttade in i huset i Vallentuna f\u00f6r fyra \u00e5r sen, reste Kasper hem fr\u00e5n V\u00e4xj\u00f6 till Vallentuna. Det var en l\u00e5ng resa, men den gick riktigt bra. Vi rastade p\u00e5 de st\u00e4llen vi planerat plus ett extrast\u00e4lle. Han kissade som p\u00e5 befallning, och fick l\u00e5nglunchlek i [&hellip;]<\/p>\n","protected":false},"author":1,"featured_media":0,"comment_status":"open","ping_status":"open","sticky":false,"template":"","format":"standard","meta":[],"categories":[1],"tags":[],"_links":{"self":[{"href":"https:\/\/www.heljesten.nu\/index.php?rest_route=\/wp\/v2\/posts\/1347"}],"collection":[{"href":"https:\/\/www.heljesten.nu\/index.php?rest_route=\/wp\/v2\/posts"}],"about":[{"href":"https:\/\/www.heljesten.nu\/index.php?rest_route=\/wp\/v2\/types\/post"}],"author":[{"embeddable":true,"href":"https:\/\/www.heljesten.nu\/index.php?rest_route=\/wp\/v2\/users\/1"}],"replies":[{"embeddable":true,"href":"https:\/\/www.heljesten.nu\/index.php?rest_route=%2Fwp%2Fv2%2Fcomments&post=1347"}],"version-history":[{"count":0,"href":"https:\/\/www.heljesten.nu\/index.php?rest_route=\/wp\/v2\/posts\/1347\/revisions"}],"wp:attachment":[{"href":"https:\/\/www.heljesten.nu\/index.php?rest_route=%2Fwp%2Fv2%2Fmedia&parent=1347"}],"wp:term":[{"taxonomy":"category","embeddable":true,"href":"https:\/\/www.heljesten.nu\/index.php?rest_route=%2Fwp%2Fv2%2Fcategories&post=1347"},{"taxonomy":"post_tag","embeddable":true,"href":"https:\/\/www.heljesten.nu\/index.php?rest_route=%2Fwp%2Fv2%2Ftags&post=1347"}],"curies":[{"name":"wp","href":"https:\/\/api.w.org\/{rel}","templated":true}]}}