{"id":1334,"date":"2007-09-21T08:21:00","date_gmt":"2007-09-21T06:21:00","guid":{"rendered":"http:\/\/www.heljesten.nu\/?p=1334"},"modified":"2007-09-21T08:21:00","modified_gmt":"2007-09-21T06:21:00","slug":"bilder-fran-forra-veckan","status":"publish","type":"post","link":"https:\/\/www.heljesten.nu\/?p=1334","title":{"rendered":"Bilder fr\u00e5n f\u00f6rra veckan"},"content":{"rendered":"<p><a href=\"http:\/\/4.bp.blogspot.com\/_GkK1i6dbjdc\/RvNyBD_GEoI\/AAAAAAAAAEc\/hUYnwXBx03M\/s1600-h\/070912_kasper_vill_inte_ut.jpg\"><img decoding=\"async\" id=\"BLOGGER_PHOTO_ID_5112555364571026050\" style=\"FLOAT: left; MARGIN: 0px 10px 10px 0px; CURSOR: hand\" alt=\"\" src=\"http:\/\/4.bp.blogspot.com\/_GkK1i6dbjdc\/RvNyBD_GEoI\/AAAAAAAAAEc\/hUYnwXBx03M\/s320\/070912_kasper_vill_inte_ut.jpg\" border=\"0\" \/><\/a> <\/p>\n<div>\n<div>Det har inte blivit s\u00e5 mycket bilder p\u00e5 Kasper p\u00e5 sista tiden, men h\u00e4r \u00e4r ett par som togs f\u00f6rra onsdagen. <\/div>\n<p><\/p>\n<div>Den f\u00f6rsta bilden var jag bara tvungen att ta &#8230; N\u00e4r jag satt p\u00e5 sele och koppel och sl\u00e4ppte honom f\u00f6r att ta p\u00e5 mig skorna f\u00f6rsvann han. N\u00e4r jag skulle h\u00e4mta honom f\u00f6r promenaden, var hittar jag honom d\u00e5? Jo, i s\u00e4ngen&#8230; Snacka osugen p\u00e5 att g\u00e5 ut&#8230; <\/div>\n<div><a href=\"http:\/\/3.bp.blogspot.com\/_GkK1i6dbjdc\/RvNyKz_GEpI\/AAAAAAAAAEk\/tFCUV8Z9yTw\/s1600-h\/070912_kasper_\u00e4ter_nyckelkn.jpg\"><img decoding=\"async\" id=\"BLOGGER_PHOTO_ID_5112555532074750610\" style=\"FLOAT: left; MARGIN: 0px 10px 10px 0px; CURSOR: hand\" alt=\"\" src=\"http:\/\/3.bp.blogspot.com\/_GkK1i6dbjdc\/RvNyKz_GEpI\/AAAAAAAAAEk\/tFCUV8Z9yTw\/s320\/070912_kasper_\u00e4ter_nyckelkn.jpg\" border=\"0\" \/><\/a>Andra bilden \u00e4r lite senare, n\u00e4r vi kommit in igen och Kasper lycklig har f\u00e5tt tag i mattes nyckelknippa. <\/div>\n<\/div>\n","protected":false},"excerpt":{"rendered":"<p>Det har inte blivit s\u00e5 mycket bilder p\u00e5 Kasper p\u00e5 sista tiden, men h\u00e4r \u00e4r ett par som togs f\u00f6rra onsdagen. Den f\u00f6rsta bilden var jag bara tvungen att ta &#8230; N\u00e4r jag satt p\u00e5 sele och koppel och sl\u00e4ppte honom f\u00f6r att ta p\u00e5 mig skorna f\u00f6rsvann han. N\u00e4r jag skulle h\u00e4mta honom f\u00f6r [&hellip;]<\/p>\n","protected":false},"author":1,"featured_media":0,"comment_status":"open","ping_status":"open","sticky":false,"template":"","format":"standard","meta":[],"categories":[1],"tags":[],"_links":{"self":[{"href":"https:\/\/www.heljesten.nu\/index.php?rest_route=\/wp\/v2\/posts\/1334"}],"collection":[{"href":"https:\/\/www.heljesten.nu\/index.php?rest_route=\/wp\/v2\/posts"}],"about":[{"href":"https:\/\/www.heljesten.nu\/index.php?rest_route=\/wp\/v2\/types\/post"}],"author":[{"embeddable":true,"href":"https:\/\/www.heljesten.nu\/index.php?rest_route=\/wp\/v2\/users\/1"}],"replies":[{"embeddable":true,"href":"https:\/\/www.heljesten.nu\/index.php?rest_route=%2Fwp%2Fv2%2Fcomments&post=1334"}],"version-history":[{"count":0,"href":"https:\/\/www.heljesten.nu\/index.php?rest_route=\/wp\/v2\/posts\/1334\/revisions"}],"wp:attachment":[{"href":"https:\/\/www.heljesten.nu\/index.php?rest_route=%2Fwp%2Fv2%2Fmedia&parent=1334"}],"wp:term":[{"taxonomy":"category","embeddable":true,"href":"https:\/\/www.heljesten.nu\/index.php?rest_route=%2Fwp%2Fv2%2Fcategories&post=1334"},{"taxonomy":"post_tag","embeddable":true,"href":"https:\/\/www.heljesten.nu\/index.php?rest_route=%2Fwp%2Fv2%2Ftags&post=1334"}],"curies":[{"name":"wp","href":"https:\/\/api.w.org\/{rel}","templated":true}]}}