{"id":1331,"date":"2007-09-23T20:00:00","date_gmt":"2007-09-23T18:00:00","guid":{"rendered":"http:\/\/www.heljesten.nu\/?p=1331"},"modified":"2007-09-23T20:00:00","modified_gmt":"2007-09-23T18:00:00","slug":"kasper-motte-massvis-med-gardshundar","status":"publish","type":"post","link":"https:\/\/www.heljesten.nu\/?p=1331","title":{"rendered":"Kasper m\u00f6tte massvis med g\u00e5rdshundar"},"content":{"rendered":"<div>Idag var det g\u00e5rdshundstr\u00e4ff p\u00e5 Drottningholm. H\u00e4romdagen k\u00e4ndes det inte alls s\u00e4kert att vi skulle g\u00e5, men idag m\u00e4rktes det inte alls att Kasper var sjuk f\u00f6r n\u00e5gra dagar sedan. Det var en kanonfin h\u00f6stdag med sol och v\u00e4rme, s\u00e5 utan att r\u00e4kna gissar jag att minst 25 g\u00e5rdshundar d\u00f6k upp. P\u00e5 Drottningholm finns tv\u00e5 grindf\u00f6rsedda \u00f6ar d\u00e4r man f\u00e5r sl\u00e4ppa hundarna l\u00f6sa. Snart var hela \u00e4ngen full av fl\u00e4ckiga hundar. <\/div>\n<p><\/p>\n<div>Kasper hade fullt sch\u00e5 att leka med allihop, var kaxig som sjutton, men gav sig med alla tassar i v\u00e4dret n\u00e4r det var fyra-fem hundar \u00f6ver honom. <\/div>\n<p><\/p>\n<div><a href=\"http:\/\/3.bp.blogspot.com\/_GkK1i6dbjdc\/Rva6iD_GEyI\/AAAAAAAAAFs\/iEJwqKSIN2Y\/s1600-h\/Irish%2520softcoated_wheaten_terrier.jpg\"><img decoding=\"async\" id=\"BLOGGER_PHOTO_ID_5113479521274041122\" style=\"FLOAT: left; MARGIN: 0px 10px 10px 0px; CURSOR: hand\" alt=\"\" src=\"http:\/\/3.bp.blogspot.com\/_GkK1i6dbjdc\/Rva6iD_GEyI\/AAAAAAAAAFs\/iEJwqKSIN2Y\/s320\/Irish%2520softcoated_wheaten_terrier.jpg\" border=\"0\" \/><\/a>F\u00f6rutom g\u00e5rdshundarna fanns d\u00e4r s\u00e4kert tiotalet andra hundar av st\u00f6rre modell, bland annat en riktigt s\u00f6t soft coated wheaten terrier: Ack, s\u00e5 mjuk och go p\u00e4ls&#8230;<\/div>\n<div>Sebbe var 8 m\u00e5nader och inte fullvuxen, men betedde sig som en v\u00e4rdig hund j\u00e4mf\u00f6rt med alla kringzoomande g\u00e5rdisar.<\/div>\n<div> <\/div>\n<div>G\u00e5rdisfavoriten var nog 7 m\u00e5nader gamla tiken Tyra. De kanske syns igen p\u00e5 n\u00e5gon annan tr\u00e4ff.<\/div>\n<p><\/p>\n<div>Sen sov han gott hemma st\u00f6rre delen av eftermiddagen. N\u00e4r han inte busade med att springa bort till grannen, f\u00f6rst\u00e5s&#8230;<\/div>\n<div> <\/div>\n<div>Vi hade ingen kamera med oss, men kanske kommer det upp bilder h\u00e4r vad det lider: <a href=\"http:\/\/www.bufo.se\/gardshund\/\">http:\/\/www.bufo.se\/gardshund\/<\/a><\/div>\n","protected":false},"excerpt":{"rendered":"<p>Idag var det g\u00e5rdshundstr\u00e4ff p\u00e5 Drottningholm. H\u00e4romdagen k\u00e4ndes det inte alls s\u00e4kert att vi skulle g\u00e5, men idag m\u00e4rktes det inte alls att Kasper var sjuk f\u00f6r n\u00e5gra dagar sedan. Det var en kanonfin h\u00f6stdag med sol och v\u00e4rme, s\u00e5 utan att r\u00e4kna gissar jag att minst 25 g\u00e5rdshundar d\u00f6k upp. P\u00e5 Drottningholm finns tv\u00e5 [&hellip;]<\/p>\n","protected":false},"author":1,"featured_media":0,"comment_status":"open","ping_status":"open","sticky":false,"template":"","format":"standard","meta":[],"categories":[1],"tags":[],"_links":{"self":[{"href":"https:\/\/www.heljesten.nu\/index.php?rest_route=\/wp\/v2\/posts\/1331"}],"collection":[{"href":"https:\/\/www.heljesten.nu\/index.php?rest_route=\/wp\/v2\/posts"}],"about":[{"href":"https:\/\/www.heljesten.nu\/index.php?rest_route=\/wp\/v2\/types\/post"}],"author":[{"embeddable":true,"href":"https:\/\/www.heljesten.nu\/index.php?rest_route=\/wp\/v2\/users\/1"}],"replies":[{"embeddable":true,"href":"https:\/\/www.heljesten.nu\/index.php?rest_route=%2Fwp%2Fv2%2Fcomments&post=1331"}],"version-history":[{"count":0,"href":"https:\/\/www.heljesten.nu\/index.php?rest_route=\/wp\/v2\/posts\/1331\/revisions"}],"wp:attachment":[{"href":"https:\/\/www.heljesten.nu\/index.php?rest_route=%2Fwp%2Fv2%2Fmedia&parent=1331"}],"wp:term":[{"taxonomy":"category","embeddable":true,"href":"https:\/\/www.heljesten.nu\/index.php?rest_route=%2Fwp%2Fv2%2Fcategories&post=1331"},{"taxonomy":"post_tag","embeddable":true,"href":"https:\/\/www.heljesten.nu\/index.php?rest_route=%2Fwp%2Fv2%2Ftags&post=1331"}],"curies":[{"name":"wp","href":"https:\/\/api.w.org\/{rel}","templated":true}]}}