{"id":1290,"date":"2008-02-27T19:59:00","date_gmt":"2008-02-27T18:59:00","guid":{"rendered":"http:\/\/www.heljesten.nu\/?p=1290"},"modified":"2008-02-27T19:59:00","modified_gmt":"2008-02-27T18:59:00","slug":"kasper-ar-inte-alltid-sa-kaxig","status":"publish","type":"post","link":"https:\/\/www.heljesten.nu\/?p=1290","title":{"rendered":"Kasper \u00e4r inte alltid s\u00e5 kaxig"},"content":{"rendered":"<p>Ett par bilder fr\u00e5n i l\u00f6rdags d\u00e5 vi hade str\u00e5lande sol och tr\u00e4ffade ett par andra hundar vid R\u00f6sj\u00f6n i T\u00e4by.<a href=\"http:\/\/3.bp.blogspot.com\/_GkK1i6dbjdc\/R8Wzdx48VgI\/AAAAAAAAAO4\/a-uZVUGeZTI\/s1600-h\/080227_roesjoen_kasper.jpg\"><img decoding=\"async\" id=\"BLOGGER_PHOTO_ID_5171737071294633474\" style=\"DISPLAY: block; MARGIN: 0px auto 10px; CURSOR: hand; TEXT-ALIGN: center\" alt=\"\" src=\"http:\/\/3.bp.blogspot.com\/_GkK1i6dbjdc\/R8Wzdx48VgI\/AAAAAAAAAO4\/a-uZVUGeZTI\/s400\/080227_roesjoen_kasper.jpg\" border=\"0\" \/><\/a><\/p>\n<div> <\/div>\n<div>Tack till den vita herdehunden Achilles husse f\u00f6r att han skickat mig bilderna. H\u00e4r lyckades jag f\u00e5 den annars helvilda Kasper att sitta still n\u00e5gon minut f\u00f6r ett gruppfoto med rottweilern Feie, vita herdehunden Achilles och g\u00e5rdisen Kasper.<\/div>\n<div><a href=\"http:\/\/2.bp.blogspot.com\/_GkK1i6dbjdc\/R8WzUh48VfI\/AAAAAAAAAOw\/SJr0-WgYSu0\/s1600-h\/080227_roesjoen_feie_kasper_achilles.jpg\"><img decoding=\"async\" id=\"BLOGGER_PHOTO_ID_5171736912380843506\" style=\"DISPLAY: block; MARGIN: 0px auto 10px; CURSOR: hand; TEXT-ALIGN: center\" alt=\"\" src=\"http:\/\/2.bp.blogspot.com\/_GkK1i6dbjdc\/R8WzUh48VfI\/AAAAAAAAAOw\/SJr0-WgYSu0\/s400\/080227_roesjoen_feie_kasper_achilles.jpg\" border=\"0\" \/><\/a> Visst var han duktig? Annars \u00e4gnade han mesta tiden \u00e5t att nosa den kastrerade tiken Feie i baken och f\u00f6rs\u00f6ka jucka, allt medan Achilles str\u00e4ngt sade ifr\u00e5n och skyddade tiken.<\/div>\n<div> <\/div>\n<div>Ig\u00e5r var vi hos veterin\u00e4ren f\u00f6r att ta blodprov f\u00f6r att kontrollera om rabiesvaccineringarna tagit som de ska. Oj, vad Kasper var ynklig d\u00e5. Gn\u00e4llde hela tiden, oavsett om n\u00e5len stacks in eller vi bara stod och pratade. Han tyckte s\u00e5 synd om sig sj\u00e4lv. Mycket v\u00e4rre \u00e4n att busa med storhundar, tycker han. Passade p\u00e5 att v\u00e4ga honom p\u00e5 veterin\u00e4rv\u00e5gen, som visade 7,3 kilo.<\/div>\n<div>Nu \u00e4r det bara att v\u00e4nta en vecka och h\u00e5lla tummarna f\u00f6r att allt g\u00e5tt v\u00e4gen med rabiesvaccinet.<\/div>\n","protected":false},"excerpt":{"rendered":"<p>Ett par bilder fr\u00e5n i l\u00f6rdags d\u00e5 vi hade str\u00e5lande sol och tr\u00e4ffade ett par andra hundar vid R\u00f6sj\u00f6n i T\u00e4by. Tack till den vita herdehunden Achilles husse f\u00f6r att han skickat mig bilderna. H\u00e4r lyckades jag f\u00e5 den annars helvilda Kasper att sitta still n\u00e5gon minut f\u00f6r ett gruppfoto med rottweilern Feie, vita herdehunden [&hellip;]<\/p>\n","protected":false},"author":1,"featured_media":0,"comment_status":"open","ping_status":"open","sticky":false,"template":"","format":"standard","meta":[],"categories":[1],"tags":[],"_links":{"self":[{"href":"https:\/\/www.heljesten.nu\/index.php?rest_route=\/wp\/v2\/posts\/1290"}],"collection":[{"href":"https:\/\/www.heljesten.nu\/index.php?rest_route=\/wp\/v2\/posts"}],"about":[{"href":"https:\/\/www.heljesten.nu\/index.php?rest_route=\/wp\/v2\/types\/post"}],"author":[{"embeddable":true,"href":"https:\/\/www.heljesten.nu\/index.php?rest_route=\/wp\/v2\/users\/1"}],"replies":[{"embeddable":true,"href":"https:\/\/www.heljesten.nu\/index.php?rest_route=%2Fwp%2Fv2%2Fcomments&post=1290"}],"version-history":[{"count":0,"href":"https:\/\/www.heljesten.nu\/index.php?rest_route=\/wp\/v2\/posts\/1290\/revisions"}],"wp:attachment":[{"href":"https:\/\/www.heljesten.nu\/index.php?rest_route=%2Fwp%2Fv2%2Fmedia&parent=1290"}],"wp:term":[{"taxonomy":"category","embeddable":true,"href":"https:\/\/www.heljesten.nu\/index.php?rest_route=%2Fwp%2Fv2%2Fcategories&post=1290"},{"taxonomy":"post_tag","embeddable":true,"href":"https:\/\/www.heljesten.nu\/index.php?rest_route=%2Fwp%2Fv2%2Ftags&post=1290"}],"curies":[{"name":"wp","href":"https:\/\/api.w.org\/{rel}","templated":true}]}}