{"id":1249,"date":"2008-04-14T21:09:00","date_gmt":"2008-04-14T19:09:00","guid":{"rendered":"http:\/\/www.heljesten.nu\/?p=1249"},"modified":"2008-04-14T21:09:00","modified_gmt":"2008-04-14T19:09:00","slug":"hart-ikvall-pa-vabk-68","status":"publish","type":"post","link":"https:\/\/www.heljesten.nu\/?p=1249","title":{"rendered":"H\u00e5rt ikv\u00e4ll p\u00e5 VaBK (6(8)"},"content":{"rendered":"<p>Vi var f\u00f6rst p\u00e5 plan, Sk\u00f6nt att kunna nosa av i lugn och ro. Det gick riktigt bra att f\u00e5 kontakt och g\u00e5 fint vid sidan.<br \/>Men sen kom den svarta labradortiken. Hon har slutat l\u00f6pa, men luktade s\u00e5 supergott att Kasper blev som tokig. Han stod mer p\u00e5 bakbenen \u00e4n p\u00e5 alla fyra, k\u00e4ndes det som.<br \/>Jag fick jobba stenh\u00e5rt hela kv\u00e4llen, och \u00e4nd\u00e5 med mediokra resultat. Ibland \u00e4r det bara alltf\u00f6r tufft.<br \/>Jag har m\u00e4rkt flera g\u00e5nger nu att Kasper verkligen inte \u00e4r mogen att l\u00e4mnas p\u00e5 l\u00e4ngre avst\u00e5nd \u00e4n kanske fyra meter innan man g\u00f6r inkallning. Han blir os\u00e4ker och reser sig. Ledaren menar att jag m\u00e5ste tr\u00e4na mer stadga p\u00e5 korta avst\u00e5nd, s\u00e5 vi l\u00e4gger v\u00e4l det till den redan gedigna tr\u00e4ningslistan.<br \/>Vi hade sitt och stanna kvar med lektant som st\u00f6rande inslag p\u00e5 n\u00e5n meters avst\u00e5nd. Kasper ville ju dit till henne, men jag lyckades hindra honom med r\u00f6sten. Det var nog det b\u00e4sta den h\u00e4r kv\u00e4llen.<br \/>H\u00e4lsade lite p\u00e5 den vita herdehunden n\u00e4r vi hade teoripass. Hon \u00e4r sk\u00e4llig, men v\u00e4ldigt fin. Som en riktig sch\u00e4fer, liksom.<br \/>N\u00e4sta g\u00e5ng blir det agilitytest och kulprovet (undrar om vi har chans p\u00e5 det?). Och s\u00e5 ska jag ber\u00e4tta lite om dsg-rasen. Sista g\u00e5ngen \u00e4r det allm\u00e4nlydnadsprov, och d\u00e4r har vi inte en chans att klara alla moment, k\u00e4nns det som nu.<\/p>\n","protected":false},"excerpt":{"rendered":"<p>Vi var f\u00f6rst p\u00e5 plan, Sk\u00f6nt att kunna nosa av i lugn och ro. Det gick riktigt bra att f\u00e5 kontakt och g\u00e5 fint vid sidan.Men sen kom den svarta labradortiken. Hon har slutat l\u00f6pa, men luktade s\u00e5 supergott att Kasper blev som tokig. Han stod mer p\u00e5 bakbenen \u00e4n p\u00e5 alla fyra, k\u00e4ndes det [&hellip;]<\/p>\n","protected":false},"author":1,"featured_media":0,"comment_status":"open","ping_status":"open","sticky":false,"template":"","format":"standard","meta":[],"categories":[10,61,169],"tags":[],"_links":{"self":[{"href":"https:\/\/www.heljesten.nu\/index.php?rest_route=\/wp\/v2\/posts\/1249"}],"collection":[{"href":"https:\/\/www.heljesten.nu\/index.php?rest_route=\/wp\/v2\/posts"}],"about":[{"href":"https:\/\/www.heljesten.nu\/index.php?rest_route=\/wp\/v2\/types\/post"}],"author":[{"embeddable":true,"href":"https:\/\/www.heljesten.nu\/index.php?rest_route=\/wp\/v2\/users\/1"}],"replies":[{"embeddable":true,"href":"https:\/\/www.heljesten.nu\/index.php?rest_route=%2Fwp%2Fv2%2Fcomments&post=1249"}],"version-history":[{"count":0,"href":"https:\/\/www.heljesten.nu\/index.php?rest_route=\/wp\/v2\/posts\/1249\/revisions"}],"wp:attachment":[{"href":"https:\/\/www.heljesten.nu\/index.php?rest_route=%2Fwp%2Fv2%2Fmedia&parent=1249"}],"wp:term":[{"taxonomy":"category","embeddable":true,"href":"https:\/\/www.heljesten.nu\/index.php?rest_route=%2Fwp%2Fv2%2Fcategories&post=1249"},{"taxonomy":"post_tag","embeddable":true,"href":"https:\/\/www.heljesten.nu\/index.php?rest_route=%2Fwp%2Fv2%2Ftags&post=1249"}],"curies":[{"name":"wp","href":"https:\/\/api.w.org\/{rel}","templated":true}]}}