{"id":1167,"date":"2008-10-25T19:15:00","date_gmt":"2008-10-25T17:15:00","guid":{"rendered":"http:\/\/www.heljesten.nu\/?p=1167"},"modified":"2008-10-25T19:15:00","modified_gmt":"2008-10-25T17:15:00","slug":"viltsparkurs-15","status":"publish","type":"post","link":"https:\/\/www.heljesten.nu\/?p=1167","title":{"rendered":"Viltsp\u00e5rkurs 1(5)"},"content":{"rendered":"<p>B\u00f6rjade piggna till fr\u00e5n f\u00f6rkylningen samtidigt som det var dags f\u00f6r det f\u00f6rsta kurstillf\u00e4llet f\u00f6r viltsp\u00e5rkursen. Den gick av stapeln p\u00e5 Bogesundslandet bara ca 20 min h\u00e4rifr\u00e5n. Fint v\u00e4der var det ocks\u00e5. Vi var 8 deltagare p\u00e5 tv\u00e5 ledare, Eva och Pia. D\u00e4r fanns en j\u00e4ttefin gul jaktlabbe, en svart vanlig labbe, en svart curly och en tollare. Resten var icke-retrievrar: en boxer, en blandras 75 % border collie och 25 % golden, en fr\u00e5nvarande border terrier (magsjuk, husse var dock d\u00e4r) och s\u00e5 Kasper.<br \/>Vi b\u00f6rjade med att l\u00e4gga sp\u00e5r, ungef\u00e4r samma l\u00e4ngd och sv\u00e5righetsgrad som i somras i Sk\u00e5ne. Sen hade vi teori och fika medan sp\u00e5ren fick ligga till sig. Vi var indelade i tv\u00e5 grupper med fyra deltagare p\u00e5 vardera ledaren.<br \/>Kasper gick som tv\u00e5a i sin grupp med Pia som ledare. Jag bytte till hans hittills oanv\u00e4nda camouflagesele och en l\u00e5nad sp\u00e5rlina. Selen \u00e4r ett felk\u00f6p fr\u00e5n webben, var alldeles f\u00f6r stort f\u00f6r n\u00e5t halv\u00e5r sen. Nu passar det bra och ska fungera som arbetstecken f\u00f6r viltsp\u00e5rning. Och den femmeters sp\u00e5rlina jag trodde jag kunde anv\u00e4nda funkar inte, de ska vara tio meter f\u00f6r viltsp\u00e5rning.<br \/>Kasper gick runt lite f\u00f6rvirrat vid startplatsen, men n\u00e4r jag gestikulerade mot sp\u00e5rstarten som jag gjort vid p\u00e5 kantarellsp\u00e5rningen satte han fart. De f\u00f6rsta tio metrarna hade jag blodat varje steg, d\u00e4refter ungef\u00e4r vartannat. Kl\u00f6ven drogs s\u00e5 klart hela str\u00e4ckan. Kasper f\u00f6ljde sp\u00e5ret noggrant, och n\u00e4r jag fr\u00e5gade Pia efter\u00e5t tyckte hon att han g\u00e5tt fram lagom fort. P\u00e5 ett st\u00e4lle stannade han till, men hittade strax sp\u00e5ret igen och fortsatte. Enda missen var n\u00e4r vi var framme vid slutet. D\u00e5 vek han av \u00e5t h\u00f6ger (m\u00e4nniskosp\u00e5ret \u00e5t det h\u00e5ll vi g\u00e5tt tillbaka efter\u00e5t) ist\u00e4llet f\u00f6r att g\u00e5 till den lilla granen d\u00e4r skanken l\u00e5g. Han rundade ett tr\u00e4d och fastnade. N\u00e4r jag plockat loss honom stod jag bara stilla och avvaktade och d\u00e5 gick han tillbaka ett par meter, tog upp sp\u00e5ret igen och hittade skanken under granen! Lysande! P\u00e5 tillbakav\u00e4gen bar han den bitvis i munnen som en \u00e4kta apport\u00f6r. \ud83d\ude00<br \/>Han har sen sovit st\u00f6rre delen av eftermiddagen. Vi fick med kursbok, r\u00e5djursskank och 3 dl blod hem och nu \u00e4r det meningen att vi ska k\u00f6ra en eller tv\u00e5 g\u00e5nger hemma p\u00e5 egen hand innan n\u00e4stan kurstillf\u00e4lle p\u00e5 l\u00f6rdag. Ska se om jag kan l\u00e4ra ut sp\u00e5rdragning till husse, s\u00e5 han lite senare kan l\u00e4gga ett sp\u00e5r \u00e5t mig f\u00f6r att g\u00f6ra doften lite annorlunda (sv\u00e5rare?) f\u00f6r Kasper. Jag har haft pysselstund och gjort iordning ett antal snitslar med plastband och kl\u00e4mmor jag k\u00f6pt p\u00e5 Teba och som jag kl\u00e4mt fast p\u00e5 ett st\u00e5ltr\u00e5dshalsband. F\u00e4rggrant blev det.<br \/>F\u00f6rresten, Kasper var s\u00e5klart p\u00e5 n\u00e4r han tr\u00e4ffade sex nya, intressanta hundar. I detta l\u00e4ge kan jag inte f\u00e5 honom att g\u00e5 lugnt och civiliserat, n\u00e5got han numera g\u00f6r n\u00e4stan j\u00e4mnt p\u00e5 hemmaplan. Men sen h\u00f6ll han sig f\u00f6rv\u00e5nansv\u00e4rt gn\u00e4llfri (nja, inte helt, men mindre \u00e4n bc-mixen) och lugn n\u00e4r vi v\u00e4ntade p\u00e5 \u00f6vriga deltagare. Ett litet hopp t\u00e4nds&#8230;<\/p>\n","protected":false},"excerpt":{"rendered":"<p>B\u00f6rjade piggna till fr\u00e5n f\u00f6rkylningen samtidigt som det var dags f\u00f6r det f\u00f6rsta kurstillf\u00e4llet f\u00f6r viltsp\u00e5rkursen. Den gick av stapeln p\u00e5 Bogesundslandet bara ca 20 min h\u00e4rifr\u00e5n. Fint v\u00e4der var det ocks\u00e5. Vi var 8 deltagare p\u00e5 tv\u00e5 ledare, Eva och Pia. D\u00e4r fanns en j\u00e4ttefin gul jaktlabbe, en svart vanlig labbe, en svart curly [&hellip;]<\/p>\n","protected":false},"author":1,"featured_media":0,"comment_status":"open","ping_status":"open","sticky":false,"template":"","format":"standard","meta":[],"categories":[11,61,123],"tags":[],"_links":{"self":[{"href":"https:\/\/www.heljesten.nu\/index.php?rest_route=\/wp\/v2\/posts\/1167"}],"collection":[{"href":"https:\/\/www.heljesten.nu\/index.php?rest_route=\/wp\/v2\/posts"}],"about":[{"href":"https:\/\/www.heljesten.nu\/index.php?rest_route=\/wp\/v2\/types\/post"}],"author":[{"embeddable":true,"href":"https:\/\/www.heljesten.nu\/index.php?rest_route=\/wp\/v2\/users\/1"}],"replies":[{"embeddable":true,"href":"https:\/\/www.heljesten.nu\/index.php?rest_route=%2Fwp%2Fv2%2Fcomments&post=1167"}],"version-history":[{"count":0,"href":"https:\/\/www.heljesten.nu\/index.php?rest_route=\/wp\/v2\/posts\/1167\/revisions"}],"wp:attachment":[{"href":"https:\/\/www.heljesten.nu\/index.php?rest_route=%2Fwp%2Fv2%2Fmedia&parent=1167"}],"wp:term":[{"taxonomy":"category","embeddable":true,"href":"https:\/\/www.heljesten.nu\/index.php?rest_route=%2Fwp%2Fv2%2Fcategories&post=1167"},{"taxonomy":"post_tag","embeddable":true,"href":"https:\/\/www.heljesten.nu\/index.php?rest_route=%2Fwp%2Fv2%2Ftags&post=1167"}],"curies":[{"name":"wp","href":"https:\/\/api.w.org\/{rel}","templated":true}]}}