{"id":1157,"date":"2008-11-03T23:00:00","date_gmt":"2008-11-03T22:00:00","guid":{"rendered":"http:\/\/www.heljesten.nu\/?p=1157"},"modified":"2008-11-03T23:00:00","modified_gmt":"2008-11-03T22:00:00","slug":"inspirerad-till-fler-regler-for-battre-attityd","status":"publish","type":"post","link":"https:\/\/www.heljesten.nu\/?p=1157","title":{"rendered":"Inspirerad till fler regler f\u00f6r b\u00e4ttre attityd"},"content":{"rendered":"<p>L\u00e4ste s\u00e5 mycket intressant ikv\u00e4ll i bloggarkivet <a href=\"http:\/\/workinglabs.wordpress.com\/2007\/06\/\">http:\/\/workinglabs.wordpress.com\/2007\/06\/<\/a> att jag m\u00e5ste punkta ned de viktigaste sakerna h\u00e4r. Vi har ju redan en del regler f\u00f6r Kasper, men det kan nog vara bra f\u00f6r att f\u00f6rb\u00e4ttra hans attityd att inf\u00f6ra fler:<\/p>\n<ul>\n<li><span style=\"color:#006600;\">S\u00e4tta sig innanf\u00f6r d\u00f6rren direkt n\u00e4r vi ska g\u00e5 ut<\/span> \u2013 funkar klockrent<\/li>\n<li><span style=\"color:#006600;\">N\u00e4r man sitter lugnt med kontakt \u00f6ppnas d\u00f6rren. D\u00e5 ska man inte sitta och v\u00e4dra \u00f6ver nejden f\u00f6r att kolla vad som h\u00e4nder ute.<\/span> \u2013 kontakt k\u00f6r vi ocks\u00e5 med, d\u00e4remot spejandet \u00f6ver nejden finns ju d\u00e4r. Ska sk\u00e4rpa till denna bit, d\u00f6rren igen vid spejning fr\u00e5n och med nu.<\/li>\n<li><span style=\"color:#006600;\">Utanf\u00f6r d\u00f6rren s\u00e4ger jag sitt medan jag l\u00e5ser och d\u00e5 ska hunden s\u00e4tta sig direkt annars g\u00e5r vi in igen.<\/span> \u2013 jag har n\u00f6jt mig med att Kasper ska vara lugn och inte rycka i kopplet. \u00c4ven h\u00e4r kan jag gott h\u00f6ja ett sn\u00e4pp. Just att s\u00e4tta sig snabbt \u00e4r v\u00e4l inte direkt hans starka sida, det sker ofta med tuggummiseg f\u00f6rdr\u00f6jning.<\/li>\n<li><span style=\"color:#006600;\">Promenaden till grinden ska vara lugn och man ska s\u00e4tta sig direkt och ta kontakt.<\/span> \u2013 F\u00e5r i v\u00e5rt fall \u00f6vers\u00e4ttas till \u201dh\u00e5let i h\u00e4cken\u201d. Lugn promenad dit brukar jag kr\u00e4va, annars k\u00f6r jag timeoutstoppet. Skulle kunna blir lite h\u00e5rdare d\u00e4r och g\u00e5 tillbaka till d\u00f6rren och b\u00f6rja om igen. D\u00e4refter k\u00f6r jag kommandot Bakom genom h\u00e4ckh\u00e5let, vilket fungerar bra. Utanf\u00f6r h\u00e4cken har Kasper haft en vana att genast hoppa fram och f\u00f6rbi mig. Tidigare (och ibland fortfarande) har jag morrat med m\u00f6rka r\u00f6sten, och numera k\u00f6r jag timeoutstopp. Han har lugnat ned sig h\u00e4r, men det \u00e4r inte alltid hundra.<\/li>\n<li><span style=\"color:#006600;\">Under promenaden ska man g\u00e5 fint vid sidan, inte nosa eller stanna och kissa. Bryter man mot det stannar vi, hunden f\u00e5r sitta en stund innen vi forts\u00e4tter promenaden. Sabina har ju en otrevlig vana att kasta sig ut i kopplet mot doftfl\u00e4ckar, hundkompisar och annat. P\u00e5 det h\u00e4r viset hoppas jag att promenader blir trevligare.<\/span> \u2013 Vi har kommit en bit p\u00e5 v\u00e4gen med detta. Hundm\u00f6ten \u00e4r dock fortfarande alltf\u00f6r frestande. Ska bli sp\u00e4nnande att f\u00e5 verktyg f\u00f6r detta p\u00e5 torsdag.<\/li>\n<li><span style=\"color:#006600;\">Freddie avancerade snabbt till att g\u00e5 runt f\u00e4ltet och i eftermiddag ut\u00f6kade jag till att g\u00e5 genom gr\u00e4set d\u00e4r det frestas med massor av dofter. Bel\u00f6ning f\u00f6r att sk\u00f6ta sig blev dragkamp och det var s\u00e5 skoj att n\u00e4r jag sl\u00e4ppte l\u00f6s Freddie ville han inte l\u00e4mna min sida. Lekte lite doggy-zen med sn\u00f6rbollen och han \u00e4r otroligt duktig.<\/span> \u2013 Har tr\u00e4nat liknande i skogen och idag p\u00e5 VaBK:s appellplan. Sv\u00e5rt, men det g\u00e5r b\u00e4ttre nu \u00e4n tidigare.<\/li>\n<li><span style=\"color:#006600;\">Jag har ocks\u00e5 inf\u00f6rt att allt som ska h\u00e4nda utg\u00e5r fr\u00e5n att Freddie sitter vid min sida. Tanken \u00e4r att han ska veta att ingen apport kommer om man st\u00e5r framf\u00f6r utan efter avl\u00e4mning g\u00e4ller det att snabbt komma i utg\u00e5ngsst\u00e4llning.<\/span> \u2013 V\u00e4ldigt bra tanke, \u00e4ven om jag inte riktigt vet hur jag ska f\u00e5 till det i praktiken med Kasper. Id\u00e9er mottages g\u00e4rna!<\/li>\n<\/ul>\n<p>Ig\u00e5r gick Kaspers smala fina l\u00e4derkoppel s\u00f6nder, och det k\u00e4ndes lite akut med ett nytt. \u00c5kte runt till fyra olika st\u00e4llen och shoppade p\u00e5 mig lite allt m\u00f6jligt:<\/p>\n<ul>\n<li>en rygga med sittpall (har anv\u00e4nt en trebent l\u00f6s pall, men den \u00e4r s\u00e5 j\u00e4kla l\u00e5g att jag k\u00e4nner av mitt onda kn\u00e4 av den)<\/li>\n<li>ett citykoppel p\u00e5 60 cm (n\u00e4r man \u00e4nd\u00e5 g\u00e5r hela tiden med hoprullat koppel i handen kan man lika g\u00e4rna ha ett kort, blir nog bra p\u00e5 t\u00e5g osv ocks\u00e5)<\/li>\n<li>ett mjukt fint rundsytt l\u00e4derkoppel. Fast n\u00e4r jag kom hem kom jag p\u00e5 att det vill jag ju inte l\u00e5ta sl\u00e4pa i marken n\u00e4r Kasper tr\u00e4ningsg\u00e5r l\u00f6s vid min sida, s\u00e5 jag m\u00e5ste nog komplettera med ett billigt syntetkoppel, kanske med reflex, ett koppel som kan sl\u00e4pas i asfalt och grus hur mycket som helst.<\/li>\n<li>ett finhalsband \u00e0 la samehantverk. Dyrt, men oemotst\u00e5ndligt. <\/li>\n<\/ul>\n<p>S\u00e5 egentligen hittade jag ingen ers\u00e4ttare f\u00f6r det trasiga kopplet, men en massa andra bra-ha-saker&#8230; <\/p>\n","protected":false},"excerpt":{"rendered":"<p>L\u00e4ste s\u00e5 mycket intressant ikv\u00e4ll i bloggarkivet http:\/\/workinglabs.wordpress.com\/2007\/06\/ att jag m\u00e5ste punkta ned de viktigaste sakerna h\u00e4r. Vi har ju redan en del regler f\u00f6r Kasper, men det kan nog vara bra f\u00f6r att f\u00f6rb\u00e4ttra hans attityd att inf\u00f6ra fler: S\u00e4tta sig innanf\u00f6r d\u00f6rren direkt n\u00e4r vi ska g\u00e5 ut \u2013 funkar klockrent N\u00e4r man [&hellip;]<\/p>\n","protected":false},"author":1,"featured_media":0,"comment_status":"open","ping_status":"open","sticky":false,"template":"","format":"standard","meta":[],"categories":[10,111],"tags":[],"_links":{"self":[{"href":"https:\/\/www.heljesten.nu\/index.php?rest_route=\/wp\/v2\/posts\/1157"}],"collection":[{"href":"https:\/\/www.heljesten.nu\/index.php?rest_route=\/wp\/v2\/posts"}],"about":[{"href":"https:\/\/www.heljesten.nu\/index.php?rest_route=\/wp\/v2\/types\/post"}],"author":[{"embeddable":true,"href":"https:\/\/www.heljesten.nu\/index.php?rest_route=\/wp\/v2\/users\/1"}],"replies":[{"embeddable":true,"href":"https:\/\/www.heljesten.nu\/index.php?rest_route=%2Fwp%2Fv2%2Fcomments&post=1157"}],"version-history":[{"count":0,"href":"https:\/\/www.heljesten.nu\/index.php?rest_route=\/wp\/v2\/posts\/1157\/revisions"}],"wp:attachment":[{"href":"https:\/\/www.heljesten.nu\/index.php?rest_route=%2Fwp%2Fv2%2Fmedia&parent=1157"}],"wp:term":[{"taxonomy":"category","embeddable":true,"href":"https:\/\/www.heljesten.nu\/index.php?rest_route=%2Fwp%2Fv2%2Fcategories&post=1157"},{"taxonomy":"post_tag","embeddable":true,"href":"https:\/\/www.heljesten.nu\/index.php?rest_route=%2Fwp%2Fv2%2Ftags&post=1157"}],"curies":[{"name":"wp","href":"https:\/\/api.w.org\/{rel}","templated":true}]}}