{"id":1126,"date":"2009-01-01T20:26:00","date_gmt":"2009-01-01T19:26:00","guid":{"rendered":"http:\/\/www.heljesten.nu\/?p=1126"},"modified":"2009-01-01T20:26:00","modified_gmt":"2009-01-01T19:26:00","slug":"slut-pa-2008-nytt-2009","status":"publish","type":"post","link":"https:\/\/www.heljesten.nu\/?p=1126","title":{"rendered":"Slut p\u00e5 2008 &#8211; nytt 2009"},"content":{"rendered":"<p><strong>Vad har h\u00e4nt under 2008?<\/strong> J\u00e4ttemycket ser jag n\u00e4r jag bl\u00e4ddrar igenom bloggen. En kort sammanfattning:<br \/>Kasper har l\u00e4rt sig cykla och i slutet av \u00e5ret har han k\u00f6rt en enmilarunda utan problem.<br \/>Vi har g\u00e5tt m\u00e5nga kurser under \u00e5ret, d\u00e4r \u00e5tminstone en del l\u00e4rdom b\u00f6rjar sitta hos oss b\u00e5da:<br \/>v\u00e5ren \u2013 Steg 1 och 2 i Fr\u00f6sunda, klicker 2, allm\u00e4nlydnad, handling<br \/>h\u00f6sten \u2013 kantarells\u00f6k, viltsp\u00e5r, skvallertr\u00e4ning<br \/>Vi har skaffat hundpass s\u00e5 vi kunde \u00e5ka p\u00e5 utlandssemester tillsammans.<br \/>Kasper har, mest p\u00e5 lek, l\u00e4rt sig n\u00e5gra enklare agilityhinder.<br \/>Vi byggde en hage i tr\u00e4dg\u00e5rden s\u00e5 Kasper kan springa ut ibland p\u00e5 egen hand. Inte s\u00e5 roligt dock, om han \u00e4r ensam och inte vi \u00e4r med. Han f\u00f6redrar fortfarande linan p\u00e5 andra sidan huset, d\u00e4r det \u00e4r soligare och varmare och han har mer koll p\u00e5 l\u00e4get.<br \/>Vi har testat hundhotell ett par dagar och f\u00e5tt bekr\u00e4ftelse p\u00e5 att det fungerar f\u00f6r honom. Bra de g\u00e5nger han inte kan h\u00e4nga med p\u00e5 semester.<br \/>Vi har skippat allt vad utst\u00e4llningskarri\u00e4r heter pga. tandfel: en tv\u00e5a och en trea p\u00e5 de b\u00e5da utst\u00e4llningarna.<br \/>Semestrar: b\u00e5t till Gotland; jag och Kasper t\u00e4ltade i Sk\u00e5ne p\u00e5 dsg-tr\u00e4ffen i Tollarp, vi \u00e5kte runt mer i Sk\u00e5ne och vi \u00e5kte b\u00e5t \u00f6ver till R\u00fcgen. En av h\u00f6jdpunkterna var Storeg\u00e5rd hundpark strax utanf\u00f6r L\u00f6ddek\u00f6pinge.<br \/>Tyv\u00e4rr missade vi MH och kenneltr\u00e4ff pga. kennelhosta.<br \/>Slutligen bes\u00f6kte jag Hund 2008 och tr\u00e4ffade en massa fina hundar av intressanta raser.<br \/><strong>Vad h\u00e4nder d\u00e5 2009?<br \/><\/strong>Vi har anm\u00e4lt oss till n\u00e5gra kurser, kortare och l\u00e4ngre:<br \/>ett f\u00f6redrag om Ami-chien h\u00e4r i Vallentuna, en clinic i fotg\u00e5ende hos Eva Bodf\u00e4ldt, en mer avancerad klickerkurs hos Canis, en agilitykurs i april eller s\u00e5. Och sen ska v\u00e4l viltsp\u00e5randet komma ig\u00e5ng igen n\u00e4r kylan sl\u00e4ppt, vi talade om att k\u00f6ra en forts\u00e4ttning f\u00f6r hela gruppen plus att g\u00e5 upp i anlagsprov tidig v\u00e5r.<br \/>Sen har jag bjudit husse p\u00e5 semester till Napoli en vecka och d\u00e5 f\u00e5r Kasper bo p\u00e5 hundhotellet igen. I sommar planerar vi hyra ett hus i Frankrike en l\u00e4ngre tid och d\u00e5 ska Kasper f\u00e5 f\u00f6lja med. Ska bli roligt att ta med hund till detta hundv\u00e4nliga land.<\/p>\n<p><strong>Apporteringen<\/strong> har f\u00f6r \u00f6vrigt lossnat totalt, \u00e5tminstone inomhus. Ute har jag inte testat sedan jag b\u00f6rjade med nya metoden. Inne kan han f\u00f6lja efter mig med apporten i munnen, och han kan ocks\u00e5 skickas att h\u00e4mta den och l\u00e4mna av i handen. Han h\u00e5ller inte fast den om jag inte tar den med det samma, men jag har nu ytterligare n\u00e5gon sekund p\u00e5 mig att ta den innan han sl\u00e4pper. Ska jobba vidare med fasth\u00e5llandet. Han sl\u00e4pper den inte p\u00e5 tillbakav\u00e4gen l\u00e4ngre i alla fall, kanonbra!<\/p>\n","protected":false},"excerpt":{"rendered":"<p>Vad har h\u00e4nt under 2008? J\u00e4ttemycket ser jag n\u00e4r jag bl\u00e4ddrar igenom bloggen. En kort sammanfattning:Kasper har l\u00e4rt sig cykla och i slutet av \u00e5ret har han k\u00f6rt en enmilarunda utan problem.Vi har g\u00e5tt m\u00e5nga kurser under \u00e5ret, d\u00e4r \u00e5tminstone en del l\u00e4rdom b\u00f6rjar sitta hos oss b\u00e5da:v\u00e5ren \u2013 Steg 1 och 2 i Fr\u00f6sunda, [&hellip;]<\/p>\n","protected":false},"author":1,"featured_media":0,"comment_status":"open","ping_status":"open","sticky":false,"template":"","format":"standard","meta":[],"categories":[161],"tags":[],"_links":{"self":[{"href":"https:\/\/www.heljesten.nu\/index.php?rest_route=\/wp\/v2\/posts\/1126"}],"collection":[{"href":"https:\/\/www.heljesten.nu\/index.php?rest_route=\/wp\/v2\/posts"}],"about":[{"href":"https:\/\/www.heljesten.nu\/index.php?rest_route=\/wp\/v2\/types\/post"}],"author":[{"embeddable":true,"href":"https:\/\/www.heljesten.nu\/index.php?rest_route=\/wp\/v2\/users\/1"}],"replies":[{"embeddable":true,"href":"https:\/\/www.heljesten.nu\/index.php?rest_route=%2Fwp%2Fv2%2Fcomments&post=1126"}],"version-history":[{"count":0,"href":"https:\/\/www.heljesten.nu\/index.php?rest_route=\/wp\/v2\/posts\/1126\/revisions"}],"wp:attachment":[{"href":"https:\/\/www.heljesten.nu\/index.php?rest_route=%2Fwp%2Fv2%2Fmedia&parent=1126"}],"wp:term":[{"taxonomy":"category","embeddable":true,"href":"https:\/\/www.heljesten.nu\/index.php?rest_route=%2Fwp%2Fv2%2Fcategories&post=1126"},{"taxonomy":"post_tag","embeddable":true,"href":"https:\/\/www.heljesten.nu\/index.php?rest_route=%2Fwp%2Fv2%2Ftags&post=1126"}],"curies":[{"name":"wp","href":"https:\/\/api.w.org\/{rel}","templated":true}]}}