{"id":1119,"date":"2009-01-14T17:50:00","date_gmt":"2009-01-14T16:50:00","guid":{"rendered":"http:\/\/www.heljesten.nu\/?p=1119"},"modified":"2009-01-14T17:50:00","modified_gmt":"2009-01-14T16:50:00","slug":"gar-det-bra","status":"publish","type":"post","link":"https:\/\/www.heljesten.nu\/?p=1119","title":{"rendered":"G\u00e5r det bra&#8230;?"},"content":{"rendered":"<p>Oj, inte varje dag jag g\u00f6r tre inl\u00e4gg h\u00e4r, men nu m\u00e5ste jag bara g\u00f6ra ett till.<br \/>Var ute p\u00e5 hundpromenad. N\u00e4r Kasper stannade f\u00f6r att nosa\/kissa s\u00e5g jag att det kom ett till hundekipage l\u00e4ngre ner i backen, r\u00e4tt l\u00e5ngt bakom oss. Vi ska \u00e4nd\u00e5 snart vika av, t\u00e4nkte jag, s\u00e5 jag beh\u00f6ver inte bry mig.<br \/>Max en minut senare s\u00e4ger det SWOOSH! Ett stort svart djur svischar sig f\u00f6rbi oss bakifr\u00e5n och kastar sig \u00f6ver Kasper. \u00d6verdriver inte om jag s\u00e4ger att hj\u00e4rtat gjorde en helvolt, \u00e4ven om jag faktiskt sett hunden alldeles innan. Jag trodde absolut att han var kopplad&#8230;<br \/><strong>G\u00e5r det bra&#8230;?<\/strong> h\u00f6rs det fr\u00e5n husse l\u00e5ngt nerifr\u00e5n backen.<br \/>Jag svarade inte, visste faktiskt inte vad jag skulle s\u00e4ga.<\/p>\n<p><strong>Gick det bra f\u00f6r mig?<\/strong> Tja, jag dog faktiskt inte i hj\u00e4rtattack, \u00e4ven om det k\u00e4ndes s\u00e5 ett kort \u00f6gonblick.<br \/><strong>Gick det bra f\u00f6r Kasper?<\/strong> Tja, han blev v\u00e4nligt behandlad av hunden efter det initiala p\u00e5hoppet, och betedde sig sj\u00e4lv ganska civiliserat med tanka p\u00e5 omst\u00e4ndigheterna. Han st\u00e4llde sig visserligen med framtassarna p\u00e5 den andres rygg, men det tycker jag var helt okej efter en s\u00e5n attack. Det visade sig vara Charlie, en av hundarna i grannskapet, n\u00e5n slags retrievermix, tror jag.<br \/><strong>Gick det bra f\u00f6r Charlie?<\/strong> Tja, han blev v\u00e4nligt bem\u00f6tt av Kasper och inte \u00f6verk\u00f6rd p\u00e5 gatan. I och f\u00f6r sig en lokalgata, men bilar brukar k\u00f6ra alltf\u00f6r fort d\u00e4r, och varken bussar eller lastbilar h\u00f6r till ovanligheterna.<br \/>Men \u00e4nd\u00e5&#8230;<br \/><strong>Gick det bra&#8230;?<\/strong> Nej, jag tycker inte riktigt det. Hundlek f\u00e5r g\u00e4rna \u00f6verenskommas f\u00f6rst f\u00f6rarna emellan, \u00f6verraskningar av den h\u00e4r typen kan g\u00e5 v\u00e4ldigt snett. Och s\u00e5 f\u00f6redrar jag hundlek p\u00e5 annan plats \u00e4n gatan.<br \/>Men s\u00e5 vill man ju h\u00e5lla sig v\u00e4l med \u00f6vriga hund\u00e4gare i omr\u00e5det. S\u00e5 jag svarade inte p\u00e5 fr\u00e5gan.<\/p>\n","protected":false},"excerpt":{"rendered":"<p>Oj, inte varje dag jag g\u00f6r tre inl\u00e4gg h\u00e4r, men nu m\u00e5ste jag bara g\u00f6ra ett till.Var ute p\u00e5 hundpromenad. N\u00e4r Kasper stannade f\u00f6r att nosa\/kissa s\u00e5g jag att det kom ett till hundekipage l\u00e4ngre ner i backen, r\u00e4tt l\u00e5ngt bakom oss. Vi ska \u00e4nd\u00e5 snart vika av, t\u00e4nkte jag, s\u00e5 jag beh\u00f6ver inte bry [&hellip;]<\/p>\n","protected":false},"author":1,"featured_media":0,"comment_status":"open","ping_status":"open","sticky":false,"template":"","format":"standard","meta":[],"categories":[10],"tags":[],"_links":{"self":[{"href":"https:\/\/www.heljesten.nu\/index.php?rest_route=\/wp\/v2\/posts\/1119"}],"collection":[{"href":"https:\/\/www.heljesten.nu\/index.php?rest_route=\/wp\/v2\/posts"}],"about":[{"href":"https:\/\/www.heljesten.nu\/index.php?rest_route=\/wp\/v2\/types\/post"}],"author":[{"embeddable":true,"href":"https:\/\/www.heljesten.nu\/index.php?rest_route=\/wp\/v2\/users\/1"}],"replies":[{"embeddable":true,"href":"https:\/\/www.heljesten.nu\/index.php?rest_route=%2Fwp%2Fv2%2Fcomments&post=1119"}],"version-history":[{"count":0,"href":"https:\/\/www.heljesten.nu\/index.php?rest_route=\/wp\/v2\/posts\/1119\/revisions"}],"wp:attachment":[{"href":"https:\/\/www.heljesten.nu\/index.php?rest_route=%2Fwp%2Fv2%2Fmedia&parent=1119"}],"wp:term":[{"taxonomy":"category","embeddable":true,"href":"https:\/\/www.heljesten.nu\/index.php?rest_route=%2Fwp%2Fv2%2Fcategories&post=1119"},{"taxonomy":"post_tag","embeddable":true,"href":"https:\/\/www.heljesten.nu\/index.php?rest_route=%2Fwp%2Fv2%2Ftags&post=1119"}],"curies":[{"name":"wp","href":"https:\/\/api.w.org\/{rel}","templated":true}]}}