{"id":1069,"date":"2009-02-26T10:11:00","date_gmt":"2009-02-26T09:11:00","guid":{"rendered":"http:\/\/www.heljesten.nu\/?p=1069"},"modified":"2009-02-26T10:11:00","modified_gmt":"2009-02-26T09:11:00","slug":"kastrerad","status":"publish","type":"post","link":"https:\/\/www.heljesten.nu\/?p=1069","title":{"rendered":"Kastrerad"},"content":{"rendered":"<p>Veterin\u00e4ren ringde just. Kaspers kastrering \u00e4r klar och allt har g\u00e5tt bra. Sk\u00f6nt! Ska h\u00e4mta honom i eftermiddag, lille plutten.<\/p>\n<p><strong>Lite senare<\/strong>:<br \/>Lillplutten \u00e4r hemma igen. Han fick en sm\u00e4rtstillande spruta precis innan vi \u00e5kte. D\u00e5 var han pigg, nosade runt p\u00e5 mottagningen och kissade i deras tr\u00e4dg\u00e5rd. Han hade varit ute i deras tr\u00e4dg\u00e5rdshage mitt p\u00e5 dagen \u2013 ett mysigt veterin\u00e4rst\u00e4lle med hemmak\u00e4nsla.<\/p>\n<p>I bilen hem gn\u00e4llde han, och inte ville han g\u00e5 n\u00e5n promenad n\u00e4r vi kom hem. Nu gn\u00e4ller han inne, och ute i hagen stod han bara stilla och luktade lite. Helt klart olikt honom!<\/p>\n<p>Tror att det kan vara en kombo av operationen och den ovana kragen, han har ju aldrig haft en s\u00e5dan tidigare. Tror han v\u00e4ntar p\u00e5 att vi ska ta av den precis som vi tog av selen. Vidare rapporter f\u00f6ljer. Ikv\u00e4ll \u00e4r lillmatte med boyfriend inbokade som hundvakter, d\u00e5 vi lite illa tajmat ska in till stan p\u00e5 restaurang tillsammans med ett g\u00e4ng v\u00e4nner. S\u00e5 \u00e4r det, ju fler personer, desto sv\u00e5rare att f\u00e5 till ett riktigt bra datum. Men jag tror nog att lillmatte fixar den kaspiska biffen.<\/p>\n","protected":false},"excerpt":{"rendered":"<p>Veterin\u00e4ren ringde just. Kaspers kastrering \u00e4r klar och allt har g\u00e5tt bra. Sk\u00f6nt! Ska h\u00e4mta honom i eftermiddag, lille plutten. Lite senare:Lillplutten \u00e4r hemma igen. Han fick en sm\u00e4rtstillande spruta precis innan vi \u00e5kte. D\u00e5 var han pigg, nosade runt p\u00e5 mottagningen och kissade i deras tr\u00e4dg\u00e5rd. Han hade varit ute i deras tr\u00e4dg\u00e5rdshage mitt [&hellip;]<\/p>\n","protected":false},"author":1,"featured_media":0,"comment_status":"open","ping_status":"open","sticky":false,"template":"","format":"standard","meta":[],"categories":[201],"tags":[],"_links":{"self":[{"href":"https:\/\/www.heljesten.nu\/index.php?rest_route=\/wp\/v2\/posts\/1069"}],"collection":[{"href":"https:\/\/www.heljesten.nu\/index.php?rest_route=\/wp\/v2\/posts"}],"about":[{"href":"https:\/\/www.heljesten.nu\/index.php?rest_route=\/wp\/v2\/types\/post"}],"author":[{"embeddable":true,"href":"https:\/\/www.heljesten.nu\/index.php?rest_route=\/wp\/v2\/users\/1"}],"replies":[{"embeddable":true,"href":"https:\/\/www.heljesten.nu\/index.php?rest_route=%2Fwp%2Fv2%2Fcomments&post=1069"}],"version-history":[{"count":0,"href":"https:\/\/www.heljesten.nu\/index.php?rest_route=\/wp\/v2\/posts\/1069\/revisions"}],"wp:attachment":[{"href":"https:\/\/www.heljesten.nu\/index.php?rest_route=%2Fwp%2Fv2%2Fmedia&parent=1069"}],"wp:term":[{"taxonomy":"category","embeddable":true,"href":"https:\/\/www.heljesten.nu\/index.php?rest_route=%2Fwp%2Fv2%2Fcategories&post=1069"},{"taxonomy":"post_tag","embeddable":true,"href":"https:\/\/www.heljesten.nu\/index.php?rest_route=%2Fwp%2Fv2%2Ftags&post=1069"}],"curies":[{"name":"wp","href":"https:\/\/api.w.org\/{rel}","templated":true}]}}