{"id":986,"date":"2009-05-30T14:43:00","date_gmt":"2009-05-30T12:43:00","guid":{"rendered":"http:\/\/www.heljesten.nu\/?p=986"},"modified":"2009-05-30T14:43:00","modified_gmt":"2009-05-30T12:43:00","slug":"nagra-bilder-fran-nedresan","status":"publish","type":"post","link":"http:\/\/www.heljesten.nu\/?p=986","title":{"rendered":"N\u00e5gra bilder fr\u00e5n nedresan"},"content":{"rendered":"<p><a href=\"http:\/\/1.bp.blogspot.com\/_GkK1i6dbjdc\/SiFJbsnnzQI\/AAAAAAAABiI\/1hiT6ZbkqsY\/s1600-h\/2009-05-27_0882_farjelage_rodby.jpg\"><img decoding=\"async\" style=\"TEXT-ALIGN: center; MARGIN: 0px auto 10px; WIDTH: 400px; DISPLAY: block; HEIGHT: 266px; CURSOR: hand\" id=\"BLOGGER_PHOTO_ID_5341631373220760834\" border=\"0\" alt=\"\" src=\"http:\/\/1.bp.blogspot.com\/_GkK1i6dbjdc\/SiFJbsnnzQI\/AAAAAAAABiI\/1hiT6ZbkqsY\/s400\/2009-05-27_0882_farjelage_rodby.jpg\" \/><\/a> <em>Vi v\u00e4ntar p\u00e5 att f\u00f6rjan ska g\u00e5 fr\u00e5n R\u00f6dby. H\u00e4r anar vi inte att vi f\u00e5r leta en del efter hotell p\u00e5 Fehmarn.<\/em><\/p>\n<p><\/p>\n<div><a href=\"http:\/\/3.bp.blogspot.com\/_GkK1i6dbjdc\/SiFJb3dUKYI\/AAAAAAAABiQ\/Gd0jvtDlg-8\/s1600-h\/2009-05-28_0868_spargel.jpg\"><img decoding=\"async\" style=\"TEXT-ALIGN: center; MARGIN: 0px auto 10px; WIDTH: 400px; DISPLAY: block; HEIGHT: 226px; CURSOR: hand\" id=\"BLOGGER_PHOTO_ID_5341631376130320770\" border=\"0\" alt=\"\" src=\"http:\/\/3.bp.blogspot.com\/_GkK1i6dbjdc\/SiFJb3dUKYI\/AAAAAAAABiQ\/Gd0jvtDlg-8\/s400\/2009-05-28_0868_spargel.jpg\" \/><\/a><em> Den underbara Spargel-s\u00e4songen \u00e4r i full g\u00e5ng i Tyskland. Givetvis nj\u00f6t vi av dessa prim\u00f6rer till middag.<\/em><\/p>\n<div><a href=\"http:\/\/3.bp.blogspot.com\/_GkK1i6dbjdc\/SiE4mERDzSI\/AAAAAAAABho\/jQmxU_00oMQ\/s1600-h\/20090528.jpg\"><img decoding=\"async\" style=\"TEXT-ALIGN: center; MARGIN: 0px auto 10px; WIDTH: 400px; DISPLAY: block; HEIGHT: 300px; CURSOR: hand\" id=\"BLOGGER_PHOTO_ID_5341612859669597474\" border=\"0\" alt=\"\" src=\"http:\/\/3.bp.blogspot.com\/_GkK1i6dbjdc\/SiE4mERDzSI\/AAAAAAAABho\/jQmxU_00oMQ\/s400\/20090528.jpg\" \/><\/a> <em>Hotel Rheinterrassen strax utanf\u00f6r Bonn \u2013 omedelbart bakom hotellet glider pr\u00e5marna fram l\u00e4ngs Rhen.<\/em><\/div>\n<p><a href=\"http:\/\/1.bp.blogspot.com\/_GkK1i6dbjdc\/SiFJcHPdC5I\/AAAAAAAABig\/N0DhVEVAKu4\/s1600-h\/2009-05-28_0875_rhenterrassen_rum.jpg\"><img decoding=\"async\" style=\"TEXT-ALIGN: center; MARGIN: 0px auto 10px; WIDTH: 266px; DISPLAY: block; HEIGHT: 400px; CURSOR: hand\" id=\"BLOGGER_PHOTO_ID_5341631380367149970\" border=\"0\" alt=\"\" src=\"http:\/\/1.bp.blogspot.com\/_GkK1i6dbjdc\/SiFJcHPdC5I\/AAAAAAAABig\/N0DhVEVAKu4\/s400\/2009-05-28_0875_rhenterrassen_rum.jpg\" \/><\/a><em>Hotellrummet var lite f\u00f6r fint med tanke p\u00e5 Kaspers tillst\u00e5nd. Det gick ganska bra \u00e4nd\u00e5.<\/em><\/p>\n<p><\/p>\n<div><a href=\"http:\/\/1.bp.blogspot.com\/_GkK1i6dbjdc\/SiFJcGfllII\/AAAAAAAABiY\/RygZqgXc3vs\/s1600-h\/2009-05-28_0878_pr\u00e5m_rhen.jpg\"><img decoding=\"async\" style=\"TEXT-ALIGN: center; MARGIN: 0px auto 10px; WIDTH: 400px; DISPLAY: block; HEIGHT: 266px; CURSOR: hand\" id=\"BLOGGER_PHOTO_ID_5341631380166382722\" border=\"0\" alt=\"\" src=\"http:\/\/1.bp.blogspot.com\/_GkK1i6dbjdc\/SiFJcGfllII\/AAAAAAAABiY\/RygZqgXc3vs\/s400\/2009-05-28_0878_pr\u00e5m_rhen.jpg\" \/><\/a> <em>Utsikt \u00f6ver pr\u00e5marna l\u00e4ngs Rhen.<\/em><\/p>\n<div><a href=\"http:\/\/2.bp.blogspot.com\/_GkK1i6dbjdc\/SiE9YVNFynI\/AAAAAAAABhw\/bzw0MidXkDE\/s1600-h\/2009+05+30_pesselieres_0857.JPG\"><img decoding=\"async\" style=\"TEXT-ALIGN: center; MARGIN: 0px auto 10px; WIDTH: 400px; DISPLAY: block; HEIGHT: 300px; CURSOR: hand\" id=\"BLOGGER_PHOTO_ID_5341618121256323698\" border=\"0\" alt=\"\" src=\"http:\/\/2.bp.blogspot.com\/_GkK1i6dbjdc\/SiE9YVNFynI\/AAAAAAAABhw\/bzw0MidXkDE\/s400\/2009+05+30_pesselieres_0857.JPG\" \/><\/a> <em>Den sidan av v\u00e5rt hus som vetter mot lilla byv\u00e4gen: alla f\u00f6nstren p\u00e5 \u00f6verv\u00e5ningen \u00e4r v\u00e5ra, och garaget rymmer med m\u00f6da v\u00e5r Saab. Entr\u00e9n \u00e4r fr\u00e5n andra h\u00e5llet, har ingen bild p\u00e5 den sidan \u00e4nnu. Bakom gr\u00f6nskan till h\u00f6ger om garaget \u00e4r v\u00e5r fantastiska, helt inneslutna, tr\u00e4dg\u00e5rd d\u00e4r Kasper kan springa l\u00f6s.<\/em><\/p>\n<div><a href=\"http:\/\/2.bp.blogspot.com\/_GkK1i6dbjdc\/SiE9YqRQgWI\/AAAAAAAABh4\/hDfcr478MSg\/s1600-h\/2009+05+30_pesselieres_0860.JPG\"><img decoding=\"async\" style=\"TEXT-ALIGN: center; MARGIN: 0px auto 10px; WIDTH: 400px; DISPLAY: block; HEIGHT: 300px; CURSOR: hand\" id=\"BLOGGER_PHOTO_ID_5341618126910947682\" border=\"0\" alt=\"\" src=\"http:\/\/2.bp.blogspot.com\/_GkK1i6dbjdc\/SiE9YqRQgWI\/AAAAAAAABh4\/hDfcr478MSg\/s400\/2009+05+30_pesselieres_0860.JPG\" \/><\/a><em>Den h\u00e4r storleken p\u00e5 v\u00e4gar \u00e4r det h\u00e4r runt om v\u00e5r lilla by. Mycket charmigt, men det tar ju lite tid om man ska ta sig till n\u00e5gon st\u00f6rre stad.<\/em><\/p>\n<div><a href=\"http:\/\/1.bp.blogspot.com\/_GkK1i6dbjdc\/SiE9YzLiLxI\/AAAAAAAABiA\/U3aQivVH8xw\/s1600-h\/2009+05+30_pesselieres_0862.JPG\"><img decoding=\"async\" style=\"TEXT-ALIGN: center; MARGIN: 0px auto 10px; WIDTH: 300px; DISPLAY: block; HEIGHT: 400px; CURSOR: hand\" id=\"BLOGGER_PHOTO_ID_5341618129302859538\" border=\"0\" alt=\"\" src=\"http:\/\/1.bp.blogspot.com\/_GkK1i6dbjdc\/SiE9YzLiLxI\/AAAAAAAABiA\/U3aQivVH8xw\/s400\/2009+05+30_pesselieres_0862.JPG\" \/><\/a><em>Lummigt och fint, och m\u00e5nga v\u00e4ldoftande blommor. Kasper tyckte det var kul att \u00e4ntligen f\u00e5 r\u00f6ra lite ordentligt p\u00e5 sig. Det m\u00e4rktes inte p\u00e5 hans springande att han varit magkrasslig ett antal dagar nu.<br \/><\/em><\/div>\n<\/div>\n<\/div>\n<\/div>\n<\/div>\n","protected":false},"excerpt":{"rendered":"<p>Vi v\u00e4ntar p\u00e5 att f\u00f6rjan ska g\u00e5 fr\u00e5n R\u00f6dby. H\u00e4r anar vi inte att vi f\u00e5r leta en del efter hotell p\u00e5 Fehmarn. Den underbara Spargel-s\u00e4songen \u00e4r i full g\u00e5ng i Tyskland. Givetvis nj\u00f6t vi av dessa prim\u00f6rer till middag. Hotel Rheinterrassen strax utanf\u00f6r Bonn \u2013 omedelbart bakom hotellet glider pr\u00e5marna fram l\u00e4ngs Rhen. Hotellrummet [&hellip;]<\/p>\n","protected":false},"author":1,"featured_media":0,"comment_status":"open","ping_status":"open","sticky":false,"template":"","format":"standard","meta":[],"categories":[46,10],"tags":[],"_links":{"self":[{"href":"http:\/\/www.heljesten.nu\/index.php?rest_route=\/wp\/v2\/posts\/986"}],"collection":[{"href":"http:\/\/www.heljesten.nu\/index.php?rest_route=\/wp\/v2\/posts"}],"about":[{"href":"http:\/\/www.heljesten.nu\/index.php?rest_route=\/wp\/v2\/types\/post"}],"author":[{"embeddable":true,"href":"http:\/\/www.heljesten.nu\/index.php?rest_route=\/wp\/v2\/users\/1"}],"replies":[{"embeddable":true,"href":"http:\/\/www.heljesten.nu\/index.php?rest_route=%2Fwp%2Fv2%2Fcomments&post=986"}],"version-history":[{"count":0,"href":"http:\/\/www.heljesten.nu\/index.php?rest_route=\/wp\/v2\/posts\/986\/revisions"}],"wp:attachment":[{"href":"http:\/\/www.heljesten.nu\/index.php?rest_route=%2Fwp%2Fv2%2Fmedia&parent=986"}],"wp:term":[{"taxonomy":"category","embeddable":true,"href":"http:\/\/www.heljesten.nu\/index.php?rest_route=%2Fwp%2Fv2%2Fcategories&post=986"},{"taxonomy":"post_tag","embeddable":true,"href":"http:\/\/www.heljesten.nu\/index.php?rest_route=%2Fwp%2Fv2%2Ftags&post=986"}],"curies":[{"name":"wp","href":"https:\/\/api.w.org\/{rel}","templated":true}]}}