{"id":984,"date":"2009-06-02T17:05:00","date_gmt":"2009-06-02T15:05:00","guid":{"rendered":"http:\/\/www.heljesten.nu\/?p=984"},"modified":"2009-06-02T17:05:00","modified_gmt":"2009-06-02T15:05:00","slug":"franskkursen-har-startat","status":"publish","type":"post","link":"http:\/\/www.heljesten.nu\/?p=984","title":{"rendered":"Franskkursen har startat"},"content":{"rendered":"<p><a href=\"http:\/\/2.bp.blogspot.com\/_GkK1i6dbjdc\/SiZ2BFsR6wI\/AAAAAAAABjI\/-4bl7aS5r7Q\/s1600-h\/2009+06+01_0930.JPG\"><img decoding=\"async\" style=\"TEXT-ALIGN: center; MARGIN: 0px auto 10px; WIDTH: 400px; DISPLAY: block; HEIGHT: 300px; CURSOR: hand\" id=\"BLOGGER_PHOTO_ID_5343087769001519874\" border=\"0\" alt=\"\" src=\"http:\/\/2.bp.blogspot.com\/_GkK1i6dbjdc\/SiZ2BFsR6wI\/AAAAAAAABjI\/-4bl7aS5r7Q\/s400\/2009+06+01_0930.JPG\" \/><\/a> <em>Hund i Sancerre \u2013 inte helt olik en g\u00e5rdshund.<\/em><\/p>\n<p><\/p>\n<div><strong>M\u00e5n och tis 1\u20132 juni 2009<\/strong><br \/>K\u00e4nner att jag m\u00e5ste revidera det jag sade om synen p\u00e5 hundar h\u00e4rnere. Min tidigare syn p\u00e5 fransm\u00e4n och hund\u00e4gande \u00e4r att de \u00e4r v\u00e4ldigt m\u00e5na om sina tou-tous (vovvar). De ska putsas och fejas bra mycket mer \u00e4n i Sverige, de ska med p\u00e5 restaurangen och de g\u00e5r lugnt l\u00f6sa p\u00e5 den st\u00f6rsta boulevard. Den synen h\u00e4rr\u00f6r fr\u00e4mst fr\u00e5n st\u00e4der som Nice och Paris. Det \u00e4r antagligen en avsev\u00e4rd skillnad p\u00e5 att vara hund\u00e4gare i stan (s\u00e4llskapsdjur) och p\u00e5 landet (nyttodjur, antagligen fr\u00e4mst vakthund och ibland jakthund). R\u00e4tt ska vara r\u00e4tt, jag tycker fortfarande att fransm\u00e4n i gemen har en bra hundsyn, och de har ofta bra mycket b\u00e4ttre pli p\u00e5 sina hundar \u00e4n vi. Kasper skulle till exempel aldrig kunna g\u00e5 l\u00f6s p\u00e5 Boulevard St Michel\u2026<\/p>\n<div><a href=\"http:\/\/1.bp.blogspot.com\/_GkK1i6dbjdc\/SiZ2BPpo8MI\/AAAAAAAABjA\/_1mhK60OgJ8\/s1600-h\/2009+06+01_0927.JPG\"><img decoding=\"async\" style=\"TEXT-ALIGN: center; MARGIN: 0px auto 10px; WIDTH: 400px; DISPLAY: block; HEIGHT: 300px; CURSOR: hand\" id=\"BLOGGER_PHOTO_ID_5343087771674800322\" border=\"0\" alt=\"\" src=\"http:\/\/1.bp.blogspot.com\/_GkK1i6dbjdc\/SiZ2BPpo8MI\/AAAAAAAABjA\/_1mhK60OgJ8\/s400\/2009+06+01_0927.JPG\" \/><\/a> <em>Min skola i Sancerre.<\/em><\/p>\n<p>Nu har min franskkurs b\u00f6rjat, vilket betyder att jag har mindre tid med bloggande. Jag har ca 60 km enkel resa till skolan, vilket tar en knapp timme p\u00e5 dessa sm\u00e5v\u00e4gar. Jag har hamnat i en bra klass d\u00e4r vi alla ligger mer eller mindre p\u00e5 ungef\u00e4r samma niv\u00e5. Jag \u00e4r den enda europ\u00e9n bland eleverna, \u00f6vriga kommer fr\u00e5n USA och Australien. Dagens vinexkursion blev tyv\u00e4rr inst\u00e4lld p\u00e5 grund av f\u00f6r f\u00e5 deltagare (hoppas p\u00e5 n\u00e4sta vecka ist\u00e4llet) men p\u00e5 torsdag blir det bes\u00f6k p\u00e5 ch\u00e8vrerie, och d\u00e5 ska husse f\u00e5 f\u00f6lja med ocks\u00e5. Kasper f\u00e5r v\u00e4l mutas med en god vomburgare eller s\u00e5.<br \/>N\u00e4r jag \u00e4r i skolan h\u00e4nger Kasper med husse p\u00e5 cykeltur eller l\u00e5ngpromenad eller skuttar omkring i tr\u00e4dg\u00e5rden, som har gott om skugga. Oftast b\u00f6rjar han dock med att sola som den g\u00e5rdshund han \u00e4r, och f\u00f6rst efter n\u00e5n timme eller tv\u00e5 l\u00e4gger han sig en stund p\u00e5 magen i skuggan.<br \/>Vi har intermittenta n\u00e4tverksproblem, vilket p\u00e5verkar mitt arbete. Det k\u00e4nns lite surt d\u00e5 tio minuters arbete kan resultera i en eller ett par timmars vederm\u00f6dor. Det kan d\u00e4rf\u00f6r g\u00e5 ett tag mellan varven d\u00e5 jag uppdaterar h\u00e4r.<\/div>\n<\/div>\n","protected":false},"excerpt":{"rendered":"<p>Hund i Sancerre \u2013 inte helt olik en g\u00e5rdshund. M\u00e5n och tis 1\u20132 juni 2009K\u00e4nner att jag m\u00e5ste revidera det jag sade om synen p\u00e5 hundar h\u00e4rnere. Min tidigare syn p\u00e5 fransm\u00e4n och hund\u00e4gande \u00e4r att de \u00e4r v\u00e4ldigt m\u00e5na om sina tou-tous (vovvar). De ska putsas och fejas bra mycket mer \u00e4n i Sverige, [&hellip;]<\/p>\n","protected":false},"author":1,"featured_media":0,"comment_status":"open","ping_status":"open","sticky":false,"template":"","format":"standard","meta":[],"categories":[1],"tags":[],"_links":{"self":[{"href":"http:\/\/www.heljesten.nu\/index.php?rest_route=\/wp\/v2\/posts\/984"}],"collection":[{"href":"http:\/\/www.heljesten.nu\/index.php?rest_route=\/wp\/v2\/posts"}],"about":[{"href":"http:\/\/www.heljesten.nu\/index.php?rest_route=\/wp\/v2\/types\/post"}],"author":[{"embeddable":true,"href":"http:\/\/www.heljesten.nu\/index.php?rest_route=\/wp\/v2\/users\/1"}],"replies":[{"embeddable":true,"href":"http:\/\/www.heljesten.nu\/index.php?rest_route=%2Fwp%2Fv2%2Fcomments&post=984"}],"version-history":[{"count":0,"href":"http:\/\/www.heljesten.nu\/index.php?rest_route=\/wp\/v2\/posts\/984\/revisions"}],"wp:attachment":[{"href":"http:\/\/www.heljesten.nu\/index.php?rest_route=%2Fwp%2Fv2%2Fmedia&parent=984"}],"wp:term":[{"taxonomy":"category","embeddable":true,"href":"http:\/\/www.heljesten.nu\/index.php?rest_route=%2Fwp%2Fv2%2Fcategories&post=984"},{"taxonomy":"post_tag","embeddable":true,"href":"http:\/\/www.heljesten.nu\/index.php?rest_route=%2Fwp%2Fv2%2Ftags&post=984"}],"curies":[{"name":"wp","href":"https:\/\/api.w.org\/{rel}","templated":true}]}}