{"id":982,"date":"2009-06-05T14:31:00","date_gmt":"2009-06-05T12:31:00","guid":{"rendered":"http:\/\/www.heljesten.nu\/?p=982"},"modified":"2009-06-05T14:31:00","modified_gmt":"2009-06-05T12:31:00","slug":"getter-idiothund-och-skolavslutning","status":"publish","type":"post","link":"http:\/\/www.heljesten.nu\/?p=982","title":{"rendered":"Getter, idiothund och skolavslutning"},"content":{"rendered":"<p><a href=\"http:\/\/3.bp.blogspot.com\/_GkK1i6dbjdc\/Sikj2FvrXlI\/AAAAAAAABjw\/jUopBBK55Zg\/s1600-h\/2009+06+03_1226_edited-1.jpg\"><img decoding=\"async\" style=\"TEXT-ALIGN: center; MARGIN: 0px auto 10px; WIDTH: 400px; DISPLAY: block; HEIGHT: 267px; CURSOR: hand\" id=\"BLOGGER_PHOTO_ID_5343841845013864018\" border=\"0\" alt=\"\" src=\"http:\/\/3.bp.blogspot.com\/_GkK1i6dbjdc\/Sikj2FvrXlI\/AAAAAAAABjw\/jUopBBK55Zg\/s400\/2009+06+03_1226_edited-1.jpg\" \/><\/a><em>Sancerre ligger h\u00f6gt uppe p\u00e5 en kulle, omgivet av ving\u00e5rdar. N\u00e5gra elever cyklar upp till skolan varje morgon.<\/em> <em>Bon courage!<\/em><\/p>\n<p><strong>Ons 3 juni 2009<\/strong><br \/>Skola p\u00e5 f\u00f6rmiddagen, sen hem f\u00f6r en snabb lunch och lite jobb framf\u00f6r datorn i tr\u00e4dg\u00e5rden. Sen \u00e5kte husse och jag tillbaka till Sancerre och h\u00e4mtade Moira och Jack som vi lovat skjutsa till ch\u00e8vreriet. De \u00e4r egentligen amerikaner, men bor f\u00f6r n\u00e4rvarande i Abu Dabi. Trots att vi har runt 24 grader h\u00e4r om dagarna tyckte Moira att det var kallt. Jack, hennes son p\u00e5 cirka 13 \u00e5r, var j\u00e4tteduktig i franska och verkade tycka att det var sk\u00f6nt att slippa sand\u00f6knen ett tag. Han gillar djur och verkade sakna sin golden retriever hemma i USA.<br \/>Getfarmen var r\u00e4tt intressant. Vi k\u00f6pte en liten mellanlagrad getost (demi-sec) och jag provade att mj\u00f6lka en get. Det var bra mycket enklare \u00e4n en ko, det kr\u00e4vdes inte alls lika mycket tryck p\u00e5 spenen.<\/p>\n<div><a href=\"http:\/\/2.bp.blogspot.com\/_GkK1i6dbjdc\/SikkEYuBSNI\/AAAAAAAABkY\/YujPkaFNDIs\/s1600-h\/2009-06-03_1222_getmjolkning.jpg\"><img decoding=\"async\" style=\"TEXT-ALIGN: center; MARGIN: 0px auto 10px; WIDTH: 266px; DISPLAY: block; HEIGHT: 400px; CURSOR: hand\" id=\"BLOGGER_PHOTO_ID_5343842090625353938\" border=\"0\" alt=\"\" src=\"http:\/\/2.bp.blogspot.com\/_GkK1i6dbjdc\/SikkEYuBSNI\/AAAAAAAABkY\/YujPkaFNDIs\/s400\/2009-06-03_1222_getmjolkning.jpg\" \/><\/a> <em>Dags f\u00f6r kv\u00e4llsmj\u00f6lkningen.<br \/><\/em><\/p>\n<div><a href=\"http:\/\/4.bp.blogspot.com\/_GkK1i6dbjdc\/Sikj2byPmqI\/AAAAAAAABkA\/llDeWz1ej0s\/s1600-h\/2009-06-03_1265_chevre.jpg\"><img decoding=\"async\" style=\"TEXT-ALIGN: center; MARGIN: 0px auto 10px; WIDTH: 400px; DISPLAY: block; HEIGHT: 244px; CURSOR: hand\" id=\"BLOGGER_PHOTO_ID_5343841850930207394\" border=\"0\" alt=\"\" src=\"http:\/\/4.bp.blogspot.com\/_GkK1i6dbjdc\/Sikj2byPmqI\/AAAAAAAABkA\/llDeWz1ej0s\/s400\/2009-06-03_1265_chevre.jpg\" \/><\/a><em>Olika lagringsgrad p\u00e5 ch\u00e8vre-ostarna: fr\u00e5n h\u00f6ger le doux, den minst lagrade (upp till ett par dagar), le demi-sec (n\u00e5gon vecka) och sec (n\u00e5gon m\u00e5nad). Vi f\u00f6redrog demi-sec-varianten.<br \/><\/em><br \/>P\u00e5 hemv\u00e4gen shoppade vi mat p\u00e5 Carrefour i Cosne (uttalas utan -s-). Cosne \u00e4r en stad vi cyklade igenom p\u00e5 v\u00e5r Parisrundcykling 2002. Det finns andra st\u00e4der h\u00e4r i n\u00e4rheten vi ocks\u00e5 passerade p\u00e5 den rundan, f\u00e5r se om vi bes\u00f6ker dem igen vad det lider. P\u00e5 Carrefour fr\u00e5gade jag efter os \u00e0 moelle. Tanten bakom disken skrattade och sade att det gick man ju till slaktaren f\u00f6r, det h\u00e4r var charkuteriet. Jag tittade dit hon pekade och precis intill fanns ytterligare en k\u00f6ttdisk. Exit moi. <\/div>\n<div><strong>Tor 4 jun -09<\/strong><br \/>Idag p\u00e5 lektionen gjorde vi ett studiebes\u00f6k nere p\u00e5 marknaden i St Satyr. Jag kunde inte motst\u00e5 tv\u00e5 fantastiskt stora och fina artichauts, de ska kokas endera dagen. Jag gick, trots g\u00e5rdagens motg\u00e5ngar, fram till ytterligare en slaktare och fr\u00e5gade efter os \u00e0 moelle, men den h\u00e4r slaktaren hade bara h\u00e4stk\u00f6tt. Bakom mig, sade han, s\u00e5 jag styrde kosan till ett annat k\u00f6ttst\u00e5nd l\u00e4ngre bort. H\u00e4r gick det b\u00e4ttre, och n\u00e4r jag sade att m\u00e4rgbenen var till hunden tog han fram tv\u00e5 klumpar nerifr\u00e5n ett undersk\u00e5p. Det var de enda han hade och dem bj\u00f6d han p\u00e5. Kasper tackar honom p\u00e5 distans.<br \/>Slutligen k\u00f6pte jag en korv av salamityp som hette fromage de ch\u00e8vre. Jag fr\u00e5gade hur det kom sig att korven f\u00e5tt detta namn, och kvinnan f\u00f6rklarade att det berodde p\u00e5 att korven var tillverkad av getk\u00f6tt fr\u00e5n ch\u00e8vreostproducerande djur. Gott smakar den i alla fall.<br \/>V\u00e4l hemma igen gjorde jag klart ett jobb ute i solen, och sen kom husse hem fr\u00e5n en l\u00e5ng cykeltur. Vi fixade middag och jag jobbade med l\u00e4xorna ett tag innan jag och Kasper tog en sk\u00f6n kv\u00e4llscykeltur.<br \/>Husse ber\u00e4ttade att Kasper varit katastrofal idag. Tydligen hade han varit l\u00f6s i tr\u00e4dg\u00e5rden p\u00e5 framsidan (inte v\u00e5r egen, utan p\u00e5 den delade g\u00e5rdsplanen) eftersom den var helt tom och grinden var st\u00e4ngd. N\u00e5v\u00e4l, r\u00e4tt var det var kom holl\u00e4ndskan hem med sin hund efter en morgonpromenad, och Kasper sprang fram och ville leka innan husse hann hindra honom. Terry \u00e4r ju nio \u00e5r och tycker inte det \u00e4r s\u00e5 kul att leka med unga spolingar, s\u00e5 han avvisade inviterna. D\u00e5 blev tydligen Kasper pl\u00f6tsligt asf\u00f6rbannad och gav sig p\u00e5 den stackars holl\u00e4ndska hunden. Jag f\u00f6rs\u00f6kte f\u00e5 reda p\u00e5 vad som h\u00e4nt innan dess, men det kunde husse inte riktigt svara p\u00e5. Han hade i alla fall fullt sch\u00e5 att f\u00e5 tag i Kasper och Terry sprang och g\u00f6mde sig bland buskarna. Usch, s\u00e5nt h\u00e4r vill man ju inte h\u00f6ra om sin hund. Nu tycker jag kanske det var lite klantigt att ha Kasper l\u00f6s p\u00e5 en g\u00e5rdsplan som inte \u00e4r v\u00e5r egen, och jag har ju ingen aning om vilka signaler som s\u00e4ndes ut fr\u00e5n n\u00e5gondera hunden. Men klart otrevligt var det att f\u00e5 h\u00f6ra detta i efterhand.<\/p>\n<p><strong>Fre 5 juni 2009<\/strong><br \/>Idag var det sista skoldagen f\u00f6r tv\u00e5 i v\u00e5r grupp, s\u00e5 nu \u00e4r vi fyra tappra kvar till n\u00e4sta vecka. Det blir h\u00e5rt. Jag har blivit ombedd att ber\u00e4tta lite om Stieg Larsson och hans b\u00f6cker\/film. F\u00e5r ta mig an detta i helgen, inte alldeles enkelt med komplicerade intriger, terminologi och s\u00e5. Fick dock hj\u00e4lp av l\u00e4rarinnan att en hacker p\u00e5 franska heter un hacker. \ud83d\ude09<br \/>Sara hade skolavslutning idag, s\u00e5 nu \u00e4r f\u00f6rsta gymnasie\u00e5ret avklarat. Grattis till det! F\u00e5r se n\u00e4r vi ser Sara och Simon nerdimpandes h\u00e4r i v\u00e5r lilla by.<\/p>\n<p><a href=\"http:\/\/4.bp.blogspot.com\/_GkK1i6dbjdc\/SikkEpxqhnI\/AAAAAAAABkg\/uFW6Dj1uRdQ\/s1600-h\/2009-05-31_1364_trappa.jpg\"><img decoding=\"async\" style=\"TEXT-ALIGN: center; MARGIN: 0px auto 10px; WIDTH: 249px; DISPLAY: block; HEIGHT: 400px; CURSOR: hand\" id=\"BLOGGER_PHOTO_ID_5343842095204042354\" border=\"0\" alt=\"\" src=\"http:\/\/4.bp.blogspot.com\/_GkK1i6dbjdc\/SikkEpxqhnI\/AAAAAAAABkg\/uFW6Dj1uRdQ\/s400\/2009-05-31_1364_trappa.jpg\" \/><\/a><em>Vagnslidret med trappan upp till v\u00e5r v\u00e5ning. D\u00f6rren med glasf\u00f6nster leder till v\u00e5r privata lilla tr\u00e4dg\u00e5rd.<br \/><\/em><\/p>\n<div><a href=\"http:\/\/1.bp.blogspot.com\/_GkK1i6dbjdc\/Sikj2xfWghI\/AAAAAAAABkQ\/FCF0m18GXqQ\/s1600-h\/2009-05-31_1366_exterior1.jpg\"><img decoding=\"async\" style=\"TEXT-ALIGN: center; MARGIN: 0px auto 10px; WIDTH: 400px; DISPLAY: block; HEIGHT: 266px; CURSOR: hand\" id=\"BLOGGER_PHOTO_ID_5343841856756548114\" border=\"0\" alt=\"\" src=\"http:\/\/1.bp.blogspot.com\/_GkK1i6dbjdc\/Sikj2xfWghI\/AAAAAAAABkQ\/FCF0m18GXqQ\/s400\/2009-05-31_1366_exterior1.jpg\" \/><\/a> <em>Det \u00e4r ett l\u00e5ngt hus som \u00e4r knappt tv\u00e5hundra \u00e5r gammalt, byggt i kalksten. N\u00e4rmast i bild vagnslidret med v\u00e5r ing\u00e5ng. N\u00e4sta d\u00f6rr leder till holl\u00e4ndarnas bottenv\u00e5ning. Den h\u00e4r delen av huset var tidigare ekonomidel.<\/em><\/p>\n<p><\/p>\n<div><a href=\"http:\/\/1.bp.blogspot.com\/_GkK1i6dbjdc\/Sikj2n0nPvI\/AAAAAAAABkI\/iROlXcEnjWw\/s1600-h\/2009-05-31_1367_exterior2.jpg\"><img decoding=\"async\" style=\"TEXT-ALIGN: center; MARGIN: 0px auto 10px; WIDTH: 266px; DISPLAY: block; HEIGHT: 400px; CURSOR: hand\" id=\"BLOGGER_PHOTO_ID_5343841854161370866\" border=\"0\" alt=\"\" src=\"http:\/\/1.bp.blogspot.com\/_GkK1i6dbjdc\/Sikj2n0nPvI\/AAAAAAAABkI\/iROlXcEnjWw\/s400\/2009-05-31_1367_exterior2.jpg\" \/><\/a> <em>N\u00e4rmast grinden bor v\u00e4rdparet i den ursprungliga boningsdelen av huset.<\/em> <\/div>\n<\/div>\n<\/div>\n<\/div>\n","protected":false},"excerpt":{"rendered":"<p>Sancerre ligger h\u00f6gt uppe p\u00e5 en kulle, omgivet av ving\u00e5rdar. N\u00e5gra elever cyklar upp till skolan varje morgon. Bon courage! Ons 3 juni 2009Skola p\u00e5 f\u00f6rmiddagen, sen hem f\u00f6r en snabb lunch och lite jobb framf\u00f6r datorn i tr\u00e4dg\u00e5rden. Sen \u00e5kte husse och jag tillbaka till Sancerre och h\u00e4mtade Moira och Jack som vi lovat [&hellip;]<\/p>\n","protected":false},"author":1,"featured_media":0,"comment_status":"open","ping_status":"open","sticky":false,"template":"","format":"standard","meta":[],"categories":[1],"tags":[],"_links":{"self":[{"href":"http:\/\/www.heljesten.nu\/index.php?rest_route=\/wp\/v2\/posts\/982"}],"collection":[{"href":"http:\/\/www.heljesten.nu\/index.php?rest_route=\/wp\/v2\/posts"}],"about":[{"href":"http:\/\/www.heljesten.nu\/index.php?rest_route=\/wp\/v2\/types\/post"}],"author":[{"embeddable":true,"href":"http:\/\/www.heljesten.nu\/index.php?rest_route=\/wp\/v2\/users\/1"}],"replies":[{"embeddable":true,"href":"http:\/\/www.heljesten.nu\/index.php?rest_route=%2Fwp%2Fv2%2Fcomments&post=982"}],"version-history":[{"count":0,"href":"http:\/\/www.heljesten.nu\/index.php?rest_route=\/wp\/v2\/posts\/982\/revisions"}],"wp:attachment":[{"href":"http:\/\/www.heljesten.nu\/index.php?rest_route=%2Fwp%2Fv2%2Fmedia&parent=982"}],"wp:term":[{"taxonomy":"category","embeddable":true,"href":"http:\/\/www.heljesten.nu\/index.php?rest_route=%2Fwp%2Fv2%2Fcategories&post=982"},{"taxonomy":"post_tag","embeddable":true,"href":"http:\/\/www.heljesten.nu\/index.php?rest_route=%2Fwp%2Fv2%2Ftags&post=982"}],"curies":[{"name":"wp","href":"https:\/\/api.w.org\/{rel}","templated":true}]}}