{"id":980,"date":"2009-06-06T20:30:00","date_gmt":"2009-06-06T18:30:00","guid":{"rendered":"http:\/\/www.heljesten.nu\/?p=980"},"modified":"2009-06-06T20:30:00","modified_gmt":"2009-06-06T18:30:00","slug":"pa-upptacktsfard-i-yonne-2","status":"publish","type":"post","link":"http:\/\/www.heljesten.nu\/?p=980","title":{"rendered":"P\u00e5 uppt\u00e4cktsf\u00e4rd i Yonne"},"content":{"rendered":"<div><strong>L\u00f6r 6 jun -09<\/strong><br \/>Nationaldagen startade med regn. Kasper tyckte inte alls det var n\u00e5n bra id\u00e9 att g\u00e5 ut. Han pinkade lite snabbt och ville in igen. Jag tittade f\u00f6rbi v\u00e5r v\u00e4rdinna ang\u00e5ende att v\u00e5rt bredband inte fungerat sedan ig\u00e5rkv\u00e4ll. Men hennes fungerade bra, och hon drog ut och satte in wifi-moj\u00e4ngen igen i eluttaget. Hon sade n\u00e5t om att den kunde bli f\u00f6r varm och kanske m\u00e5ste dras ut ibland, s\u00e5 vi testade det. Efter en vila p\u00e5 ca femminuter fick vi s\u00e5 ig\u00e5ng det. Vi f\u00e5r ta f\u00f6r vana att dra ut wifi-moj\u00e4ngen varje g\u00e5ng vi sticker ut, s\u00e5 den \u00e4r sval och fin tills vi \u00e4r tillbaka.<br \/>Vi tog bilen till Clamecy, en ort Rolf och jag bodde i n\u00e4r vi cyklade runt Paris 2002. De h\u00f6ll p\u00e5 att bygga om v\u00e5rt gamla hotell de la Poste, men vi kunde identifiera skjulet nere vid kanalen d\u00e4r vi f\u00e5tt st\u00e4lla in cyklarna \u00f6ver natten. Vi promenerade lite l\u00e4ngs kanalen. En annan g\u00e5ng n\u00e4r det inte regnar ska vi ta med cyklarna och ta en tur \u00e5t det h\u00e5ll vi hittills inte cyklat l\u00e4ngs denna kanal.<br \/>Rolf k\u00f6pte lite hostmedicin. Han f\u00f6rs\u00f6kte f\u00e5 tag i Frankrikes motsvarighet till Noskapin i tablettform, men de hade bara sirop. Fick duga. Jag och Kasper passade p\u00e5 att g\u00e5 in i en tidningsaff\u00e4r och k\u00f6pa en tidning som jag ska hitta ett par artiklar i att \u00e5terber\u00e4tta p\u00e5 tisdag. Vi har ingen tidningsf\u00f6rs\u00e4ljare i v\u00e5r by, s\u00e5 det vara lika bra att passa p\u00e5. Kasper skakade av sig regnet d\u00e4rinne, vet inte om det uppskattades\u2026<br \/>Vi fortsatte till V\u00e9zelay. Jag trodde att vi redan varit h\u00e4r med 2002, men det var nog bara en ort vi t\u00e4nkt oss i planeringsstadiet, f\u00f6r p\u00e5 den h\u00e4r kullen har vi definitivt inte varit f\u00f6rut. H\u00f6gst upp l\u00e5g en basilika, och i backen fanns ett antal konstn\u00e4rsgallerier. Vi \u00e5t lunch p\u00e5 ett brasserie, en helt underbar omelett med skinka och ost. Kasper fick h\u00e4nga med in.<br \/>Sen \u00e5kte vi och handlade p\u00e5 en stor F.Leclerc innan vi tog v\u00e4gen \u00f6ver Druyes p\u00e5 hemv\u00e4gen. Tanken var att ta en cache, men gps:en dog precis n\u00e4r vi var n\u00e5gra hundra meter ifr\u00e5n. F\u00e5r bli en annan g\u00e5ng, ligger mindre \u00e4n en mil fr\u00e5n v\u00e5r g\u00eete. D\u00e4remot fanns det ett fik i dammparken med tv\u00e5 tillh\u00f6rande hundar. Kasper lekte med dem medan vi tog varsin god espresso. Sedan \u00e5kte vi upp och kikade lite p\u00e5 1200-talsfortet som dock inte var \u00f6ppet. Vi s\u00e5g skyltar om midsommareld d\u00e4r p\u00e5 kv\u00e4llen den 20 juni. Kan man ju n\u00e4stan inte missa.<br \/>Vi \u00e5kte hem och l\u00e4mnade av tr\u00f6tt hund och n\u00e5gra matkassar. Sedan tog vi cyklarna trots att regnet h\u00e4ngde i luften och cyklade till festivalen i Taingy ca en mil bort. D\u00e4r fanns bl\u00e5sorkester, parad, monsterdans och st\u00e5nd med mat och dryck. Det regnade bara n\u00e5gon kort skur, s\u00e5 vi hade tur. Jag unnade mig en \u00f6l efter den l\u00e5nga uppf\u00f6rsbacken p\u00e5 flera kilometer. Efter att ha roat oss d\u00e4r en stund tog vi hojarna tillbaka hem och lagade en god middag. <\/div>\n<p><\/p>\n<div> <\/div>\n<p><\/p>\n<div><em>Bilder kommer&#8230;<\/em><\/div>\n","protected":false},"excerpt":{"rendered":"<p>L\u00f6r 6 jun -09Nationaldagen startade med regn. Kasper tyckte inte alls det var n\u00e5n bra id\u00e9 att g\u00e5 ut. Han pinkade lite snabbt och ville in igen. Jag tittade f\u00f6rbi v\u00e5r v\u00e4rdinna ang\u00e5ende att v\u00e5rt bredband inte fungerat sedan ig\u00e5rkv\u00e4ll. Men hennes fungerade bra, och hon drog ut och satte in wifi-moj\u00e4ngen igen i eluttaget. [&hellip;]<\/p>\n","protected":false},"author":1,"featured_media":0,"comment_status":"open","ping_status":"open","sticky":false,"template":"","format":"standard","meta":[],"categories":[1],"tags":[],"_links":{"self":[{"href":"http:\/\/www.heljesten.nu\/index.php?rest_route=\/wp\/v2\/posts\/980"}],"collection":[{"href":"http:\/\/www.heljesten.nu\/index.php?rest_route=\/wp\/v2\/posts"}],"about":[{"href":"http:\/\/www.heljesten.nu\/index.php?rest_route=\/wp\/v2\/types\/post"}],"author":[{"embeddable":true,"href":"http:\/\/www.heljesten.nu\/index.php?rest_route=\/wp\/v2\/users\/1"}],"replies":[{"embeddable":true,"href":"http:\/\/www.heljesten.nu\/index.php?rest_route=%2Fwp%2Fv2%2Fcomments&post=980"}],"version-history":[{"count":0,"href":"http:\/\/www.heljesten.nu\/index.php?rest_route=\/wp\/v2\/posts\/980\/revisions"}],"wp:attachment":[{"href":"http:\/\/www.heljesten.nu\/index.php?rest_route=%2Fwp%2Fv2%2Fmedia&parent=980"}],"wp:term":[{"taxonomy":"category","embeddable":true,"href":"http:\/\/www.heljesten.nu\/index.php?rest_route=%2Fwp%2Fv2%2Fcategories&post=980"},{"taxonomy":"post_tag","embeddable":true,"href":"http:\/\/www.heljesten.nu\/index.php?rest_route=%2Fwp%2Fv2%2Ftags&post=980"}],"curies":[{"name":"wp","href":"https:\/\/api.w.org\/{rel}","templated":true}]}}