{"id":978,"date":"2009-06-07T10:45:00","date_gmt":"2009-06-07T08:45:00","guid":{"rendered":"http:\/\/www.heljesten.nu\/?p=978"},"modified":"2009-06-07T10:45:00","modified_gmt":"2009-06-07T08:45:00","slug":"lite-bilder-fran-igar","status":"publish","type":"post","link":"http:\/\/www.heljesten.nu\/?p=978","title":{"rendered":"Lite bilder fr\u00e5n ig\u00e5r"},"content":{"rendered":"<p><a href=\"http:\/\/3.bp.blogspot.com\/_GkK1i6dbjdc\/SiuMnR2A6rI\/AAAAAAAABkw\/hJHbqpaf8Dk\/s1600-h\/2009+06+06_1446.jpg\"><img decoding=\"async\" style=\"TEXT-ALIGN: center; MARGIN: 0px auto 10px; WIDTH: 400px; DISPLAY: block; HEIGHT: 266px; CURSOR: hand\" id=\"BLOGGER_PHOTO_ID_5344519989237967538\" border=\"0\" alt=\"\" src=\"http:\/\/3.bp.blogspot.com\/_GkK1i6dbjdc\/SiuMnR2A6rI\/AAAAAAAABkw\/hJHbqpaf8Dk\/s400\/2009+06+06_1446.jpg\" \/><\/a><br \/><em>Vi tog en promenad i regnet utmed kanalen i Clamecy.<\/em><\/p>\n<div><a href=\"http:\/\/3.bp.blogspot.com\/_GkK1i6dbjdc\/SiuNQv0DRFI\/AAAAAAAABlQ\/0ntRn1ux0a4\/s1600-h\/2009+06+06_1462.jpg\"><img decoding=\"async\" style=\"TEXT-ALIGN: center; MARGIN: 0px auto 10px; WIDTH: 266px; DISPLAY: block; HEIGHT: 400px; CURSOR: hand\" id=\"BLOGGER_PHOTO_ID_5344520701657433170\" border=\"0\" alt=\"\" src=\"http:\/\/3.bp.blogspot.com\/_GkK1i6dbjdc\/SiuNQv0DRFI\/AAAAAAAABlQ\/0ntRn1ux0a4\/s400\/2009+06+06_1462.jpg\" \/><\/a> <em>I V\u00e9zelay bes\u00f6kte vi en porslinsbutik. Var lite nerv\u00f6s, men Kasper sk\u00f6tte sig bra.<\/em><\/p>\n<p><\/p>\n<div><a href=\"http:\/\/1.bp.blogspot.com\/_GkK1i6dbjdc\/SiuMm9bIiUI\/AAAAAAAABko\/LMzkKa8ya_w\/s1600-h\/2009-06-06_1479_apporthund.jpg\"><img decoding=\"async\" style=\"TEXT-ALIGN: center; MARGIN: 0px auto 10px; WIDTH: 400px; DISPLAY: block; HEIGHT: 264px; CURSOR: hand\" id=\"BLOGGER_PHOTO_ID_5344519983756511554\" border=\"0\" alt=\"\" src=\"http:\/\/1.bp.blogspot.com\/_GkK1i6dbjdc\/SiuMm9bIiUI\/AAAAAAAABko\/LMzkKa8ya_w\/s400\/2009-06-06_1479_apporthund.jpg\" \/><\/a><em>Denna utsmyckning p\u00e5 basilikan i V\u00e9zelay tolkar jag som en apporterande f\u00e5gelhund.<\/em><\/p>\n<p><\/p>\n<div><a href=\"http:\/\/4.bp.blogspot.com\/_GkK1i6dbjdc\/SiuMnWphWTI\/AAAAAAAABk4\/X4HO3EcEP8Y\/s1600-h\/2009+06+06_1456.jpg\"><img decoding=\"async\" style=\"TEXT-ALIGN: center; MARGIN: 0px auto 10px; WIDTH: 400px; DISPLAY: block; HEIGHT: 266px; CURSOR: hand\" id=\"BLOGGER_PHOTO_ID_5344519990527744306\" border=\"0\" alt=\"\" src=\"http:\/\/4.bp.blogspot.com\/_GkK1i6dbjdc\/SiuMnWphWTI\/AAAAAAAABk4\/X4HO3EcEP8Y\/s400\/2009+06+06_1456.jpg\" \/><\/a> <em>Utsikt fr\u00e5n basilikans tr\u00e4dg\u00e5rd.<\/em><\/p>\n<div><a href=\"http:\/\/2.bp.blogspot.com\/_GkK1i6dbjdc\/SiuMnjUqzrI\/AAAAAAAABlA\/sKPfNleOBW0\/s1600-h\/2009+06+06_1494.jpg\"><img decoding=\"async\" style=\"TEXT-ALIGN: center; MARGIN: 0px auto 10px; WIDTH: 400px; DISPLAY: block; HEIGHT: 266px; CURSOR: hand\" id=\"BLOGGER_PHOTO_ID_5344519993929944754\" border=\"0\" alt=\"\" src=\"http:\/\/2.bp.blogspot.com\/_GkK1i6dbjdc\/SiuMnjUqzrI\/AAAAAAAABlA\/sKPfNleOBW0\/s400\/2009+06+06_1494.jpg\" \/><\/a> <em>Kaspers nyfunna lekkamrater i parken i Druyes.<\/em><\/p>\n<div><a href=\"http:\/\/1.bp.blogspot.com\/_GkK1i6dbjdc\/SiuMn2jkxRI\/AAAAAAAABlI\/h0zDG7W7_Lk\/s1600-h\/2009+06+06_1496.jpg\"><img decoding=\"async\" style=\"TEXT-ALIGN: center; MARGIN: 0px auto 10px; WIDTH: 400px; DISPLAY: block; HEIGHT: 266px; CURSOR: hand\" id=\"BLOGGER_PHOTO_ID_5344519999092737298\" border=\"0\" alt=\"\" src=\"http:\/\/1.bp.blogspot.com\/_GkK1i6dbjdc\/SiuMn2jkxRI\/AAAAAAAABlI\/h0zDG7W7_Lk\/s400\/2009+06+06_1496.jpg\" \/><\/a> <em>Taxen och Kasper var p\u00e5 ungef\u00e4r samma lekniv\u00e5, medan den tjockp\u00e4lsade st\u00f6rre hunden tog det lite lugnare.<\/em><\/p>\n<p><\/p>\n<div><a href=\"http:\/\/4.bp.blogspot.com\/_GkK1i6dbjdc\/SiuNQ5mbFiI\/AAAAAAAABlY\/nkc-mrFYQlM\/s1600-h\/2009+06+06_1498.jpg\"><img decoding=\"async\" style=\"TEXT-ALIGN: center; MARGIN: 0px auto 10px; WIDTH: 400px; DISPLAY: block; HEIGHT: 266px; CURSOR: hand\" id=\"BLOGGER_PHOTO_ID_5344520704284628514\" border=\"0\" alt=\"\" src=\"http:\/\/4.bp.blogspot.com\/_GkK1i6dbjdc\/SiuNQ5mbFiI\/AAAAAAAABlY\/nkc-mrFYQlM\/s400\/2009+06+06_1498.jpg\" \/><\/a> <em>S\u00e5 sm\u00e5ningom vilade \u00e4ven sm\u00e5hundarna.<\/em><\/p>\n<div><a href=\"http:\/\/2.bp.blogspot.com\/_GkK1i6dbjdc\/SiuNRBpozhI\/AAAAAAAABlg\/PX_j1ahbK6M\/s1600-h\/2009+06+06_1499.jpg\"><img decoding=\"async\" style=\"TEXT-ALIGN: center; MARGIN: 0px auto 10px; WIDTH: 266px; DISPLAY: block; HEIGHT: 400px; CURSOR: hand\" id=\"BLOGGER_PHOTO_ID_5344520706445594130\" border=\"0\" alt=\"\" src=\"http:\/\/2.bp.blogspot.com\/_GkK1i6dbjdc\/SiuNRBpozhI\/AAAAAAAABlg\/PX_j1ahbK6M\/s400\/2009+06+06_1499.jpg\" \/><\/a> <em>Kasper var t\u00f6rstig efter hundleken.<\/em><\/p>\n<div><a href=\"http:\/\/1.bp.blogspot.com\/_GkK1i6dbjdc\/SiuNRImvMaI\/AAAAAAAABlo\/lRd9KL7HyI0\/s1600-h\/2009+06+06_1502.jpg\"><img decoding=\"async\" style=\"TEXT-ALIGN: center; MARGIN: 0px auto 10px; WIDTH: 266px; DISPLAY: block; HEIGHT: 400px; CURSOR: hand\" id=\"BLOGGER_PHOTO_ID_5344520708312478114\" border=\"0\" alt=\"\" src=\"http:\/\/1.bp.blogspot.com\/_GkK1i6dbjdc\/SiuNRImvMaI\/AAAAAAAABlo\/lRd9KL7HyI0\/s400\/2009+06+06_1502.jpg\" \/><\/a> <em>Det var inga problem att g\u00e5 \u00f6ver den smala damm\u00f6verg\u00e5ngen.<\/em><\/p>\n<div><a href=\"http:\/\/2.bp.blogspot.com\/_GkK1i6dbjdc\/SiuNRYIrhoI\/AAAAAAAABlw\/Pg-OIQ1T7VA\/s1600-h\/2009+06+06_1504.jpg\"><img decoding=\"async\" style=\"TEXT-ALIGN: center; MARGIN: 0px auto 10px; WIDTH: 266px; DISPLAY: block; HEIGHT: 400px; CURSOR: hand\" id=\"BLOGGER_PHOTO_ID_5344520712481375874\" border=\"0\" alt=\"\" src=\"http:\/\/2.bp.blogspot.com\/_GkK1i6dbjdc\/SiuNRYIrhoI\/AAAAAAAABlw\/Pg-OIQ1T7VA\/s400\/2009+06+06_1504.jpg\" \/><\/a> <em>Den ena svanen v\u00e4ste lite \u00e5t Kasper, men alla djur h\u00f6ll sig i skinnet medan vi passerade.<\/em><\/p>\n<div><a href=\"http:\/\/2.bp.blogspot.com\/_GkK1i6dbjdc\/SiuNeG7IDTI\/AAAAAAAABl4\/4n2LYt4wd1E\/s1600-h\/2009+06+06_1509.jpg\"><img decoding=\"async\" style=\"TEXT-ALIGN: center; MARGIN: 0px auto 10px; WIDTH: 400px; DISPLAY: block; HEIGHT: 266px; CURSOR: hand\" id=\"BLOGGER_PHOTO_ID_5344520931199421746\" border=\"0\" alt=\"\" src=\"http:\/\/2.bp.blogspot.com\/_GkK1i6dbjdc\/SiuNeG7IDTI\/AAAAAAAABl4\/4n2LYt4wd1E\/s400\/2009+06+06_1509.jpg\" \/><\/a> <em>Husse och Kasper i gamla fortbyn uppe i Druyes.<\/em><\/p>\n<p><a href=\"http:\/\/2.bp.blogspot.com\/_GkK1i6dbjdc\/SiuNeNYEJnI\/AAAAAAAABmA\/gIi_T-jsoYo\/s1600-h\/2009+06+06_1517.jpg\"><img decoding=\"async\" style=\"TEXT-ALIGN: center; MARGIN: 0px auto 10px; WIDTH: 400px; DISPLAY: block; HEIGHT: 266px; CURSOR: hand\" id=\"BLOGGER_PHOTO_ID_5344520932931413618\" border=\"0\" alt=\"\" src=\"http:\/\/2.bp.blogspot.com\/_GkK1i6dbjdc\/SiuNeNYEJnI\/AAAAAAAABmA\/gIi_T-jsoYo\/s400\/2009+06+06_1517.jpg\" \/><\/a> Vackert symmetriskt f\u00e4lt p\u00e5 v\u00e5r cykling till kv\u00e4llens begivenhet i Taingy.<\/div>\n<\/div>\n<\/div>\n<\/div>\n<\/div>\n<\/div>\n<\/div>\n<\/div>\n<\/div>\n<\/div>\n","protected":false},"excerpt":{"rendered":"<p>Vi tog en promenad i regnet utmed kanalen i Clamecy. I V\u00e9zelay bes\u00f6kte vi en porslinsbutik. Var lite nerv\u00f6s, men Kasper sk\u00f6tte sig bra. Denna utsmyckning p\u00e5 basilikan i V\u00e9zelay tolkar jag som en apporterande f\u00e5gelhund. Utsikt fr\u00e5n basilikans tr\u00e4dg\u00e5rd. Kaspers nyfunna lekkamrater i parken i Druyes. Taxen och Kasper var p\u00e5 ungef\u00e4r samma lekniv\u00e5, [&hellip;]<\/p>\n","protected":false},"author":1,"featured_media":0,"comment_status":"open","ping_status":"open","sticky":false,"template":"","format":"standard","meta":[],"categories":[1],"tags":[],"_links":{"self":[{"href":"http:\/\/www.heljesten.nu\/index.php?rest_route=\/wp\/v2\/posts\/978"}],"collection":[{"href":"http:\/\/www.heljesten.nu\/index.php?rest_route=\/wp\/v2\/posts"}],"about":[{"href":"http:\/\/www.heljesten.nu\/index.php?rest_route=\/wp\/v2\/types\/post"}],"author":[{"embeddable":true,"href":"http:\/\/www.heljesten.nu\/index.php?rest_route=\/wp\/v2\/users\/1"}],"replies":[{"embeddable":true,"href":"http:\/\/www.heljesten.nu\/index.php?rest_route=%2Fwp%2Fv2%2Fcomments&post=978"}],"version-history":[{"count":0,"href":"http:\/\/www.heljesten.nu\/index.php?rest_route=\/wp\/v2\/posts\/978\/revisions"}],"wp:attachment":[{"href":"http:\/\/www.heljesten.nu\/index.php?rest_route=%2Fwp%2Fv2%2Fmedia&parent=978"}],"wp:term":[{"taxonomy":"category","embeddable":true,"href":"http:\/\/www.heljesten.nu\/index.php?rest_route=%2Fwp%2Fv2%2Fcategories&post=978"},{"taxonomy":"post_tag","embeddable":true,"href":"http:\/\/www.heljesten.nu\/index.php?rest_route=%2Fwp%2Fv2%2Ftags&post=978"}],"curies":[{"name":"wp","href":"https:\/\/api.w.org\/{rel}","templated":true}]}}