{"id":977,"date":"2009-06-07T21:35:00","date_gmt":"2009-06-07T19:35:00","guid":{"rendered":"http:\/\/www.heljesten.nu\/?p=977"},"modified":"2009-06-07T21:35:00","modified_gmt":"2009-06-07T19:35:00","slug":"korsbar-och-boules","status":"publish","type":"post","link":"http:\/\/www.heljesten.nu\/?p=977","title":{"rendered":"K\u00f6rsb\u00e4r och boules"},"content":{"rendered":"<p><strong>S\u00f6n 7 jun -09<br \/><\/strong>Idag hade vi sovmorgon till halv nio, j\u00e4ttesk\u00f6nt. Sedan var vi hemomkring p\u00e5 f\u00f6rmiddagen, jag gjorde lite av franskl\u00e4xorna och Rolf pulade med bilder. Vi chansade p\u00e5 att v\u00e4dret skulle h\u00e5lla sig medan vi h\u00e4ngde ut en maskin tv\u00e4tt. Efter lunch fick Kasper vara hemma medan vi tog en cykeltur. I Druyes delade vi p\u00e5 oss, Rolf ville cykla l\u00e5ngt medan jag hade b\u00e5de l\u00e4xor och jobb kvar som v\u00e4ntade. Jag hittade den gamla nedlagda j\u00e4rnv\u00e4gen som numera g\u00e5r utm\u00e4rkt att cykla p\u00e5, \u00e4ven om den \u00e4r lite stenig och gropig, och k\u00f6rde den via le viaduc de Druyes tillbaka hem\u00e5t i Les Roches sv\u00e4ngde jag av och fortsatte uppf\u00f6r backen hem till v\u00e5r lilla by.<br \/>Strax innan vi kom hem m\u00f6tte jag en pojke och hans l\u00f6sa hund som b\u00e5da gl\u00e4djestr\u00e5lande k\u00f6rde i full fart nerf\u00f6r backen. Det s\u00e5g h\u00e4rligt ut!<br \/>Tittade p\u00e5 tennisfinalen medan jag jobbade, men S\u00f6derling hade inte stor chans mot Federer. F\u00f6re maten skulle Kasper och jag g\u00e5 p\u00e5 tr\u00e4ningspromenad, men fick fr\u00e5gan av v\u00e5r v\u00e4rdinna om vi inte ville plocka lite k\u00f6rsb\u00e4r. Jovisst! Tr\u00e4den som skulle plockas l\u00e5g inne i en inh\u00e4gnad tr\u00e4dg\u00e5rd och jag sl\u00e4ppte l\u00f6s Kasper. Strax kom v\u00e4rdinnan tillbaka med bouleklot och sade att vi g\u00e4rna fick spela p\u00e9tanque p\u00e5 deras sandbana. En liten stund senare n\u00e4r jag stod uppe p\u00e5 stegen med huvudet l\u00e5ngt in i tr\u00e4det h\u00f6rde jag p\u00e5 nytt ett ljud vid grinden. Det var Kasper som stod UTANF\u00d6R grinden och ville in! Hmmm, hur tog han sig ut? Jag kastade iv\u00e4g en leksak \u00e5t honom och nu verkade han fullkomligt n\u00f6jd att vara innanf\u00f6r grinden.<br \/>Efter k\u00f6rsb\u00e4rsplockandet gick vi i alla fall iv\u00e4g till den gr\u00e4splan jag sett ut till v\u00e5r tr\u00e4ning. B\u00f6rjade med att g\u00f6ra en godisruta p\u00e5 1 \u00d7 1 meter. Oj, vad han nosade noggrant i gr\u00e4set som var r\u00e4tt h\u00f6gt trots att jag f\u00f6rs\u00f6kt g\u00e5 ner det. K\u00f6rde lite fotg\u00e5ende som gick bra, f\u00f6ljt av l\u00e4ggande under g\u00e5ng. Som vanligt gick det l\u00e5ngsamt i b\u00f6rjan, men b\u00e4ttrade sig lite efter hand. N\u00e4r han l\u00e5g j\u00e4ttefint l\u00e4mnade jag honom och gick 3\u20134 meter, v\u00e4ntade och gick tillbaka och bel\u00f6nade. Jag l\u00e4mnade honom igen och gick l\u00e4ngre bort och gjorde en inkallning fr\u00e5n liggande som gick suver\u00e4nt bra. Han fick kampleksaken som bel\u00f6ning.<br \/>Efter middagen gick alla tre bort f\u00f6r att spela p\u00e9tanque. I b\u00f6rjan var Kasper intresserad av den lilla r\u00f6da kulan, men snart var den kastade repleksaken och tr\u00e4dg\u00e5rden roligare. En g\u00e5ng r\u00e5kade jag kasta in hans repleksak p\u00e5 granntomten och tvingades g\u00e5 in och h\u00e4mta den. Vet inte om n\u00e5n s\u00e5g mig, men det var lite pinsamt. Som tur var h\u00f6rde detta hus inte till dem som har en vr\u00e5lsk\u00e4llande hund som kastar sig mot grinden n\u00e4r man n\u00e4rmar sig. Husse vann boulet\u00e4vlingen med 12\u20139 (vi k\u00f6rde f\u00f6rst till tio po\u00e4ng).<\/p>\n","protected":false},"excerpt":{"rendered":"<p>S\u00f6n 7 jun -09Idag hade vi sovmorgon till halv nio, j\u00e4ttesk\u00f6nt. Sedan var vi hemomkring p\u00e5 f\u00f6rmiddagen, jag gjorde lite av franskl\u00e4xorna och Rolf pulade med bilder. Vi chansade p\u00e5 att v\u00e4dret skulle h\u00e5lla sig medan vi h\u00e4ngde ut en maskin tv\u00e4tt. Efter lunch fick Kasper vara hemma medan vi tog en cykeltur. I Druyes [&hellip;]<\/p>\n","protected":false},"author":1,"featured_media":0,"comment_status":"open","ping_status":"open","sticky":false,"template":"","format":"standard","meta":[],"categories":[1],"tags":[],"_links":{"self":[{"href":"http:\/\/www.heljesten.nu\/index.php?rest_route=\/wp\/v2\/posts\/977"}],"collection":[{"href":"http:\/\/www.heljesten.nu\/index.php?rest_route=\/wp\/v2\/posts"}],"about":[{"href":"http:\/\/www.heljesten.nu\/index.php?rest_route=\/wp\/v2\/types\/post"}],"author":[{"embeddable":true,"href":"http:\/\/www.heljesten.nu\/index.php?rest_route=\/wp\/v2\/users\/1"}],"replies":[{"embeddable":true,"href":"http:\/\/www.heljesten.nu\/index.php?rest_route=%2Fwp%2Fv2%2Fcomments&post=977"}],"version-history":[{"count":0,"href":"http:\/\/www.heljesten.nu\/index.php?rest_route=\/wp\/v2\/posts\/977\/revisions"}],"wp:attachment":[{"href":"http:\/\/www.heljesten.nu\/index.php?rest_route=%2Fwp%2Fv2%2Fmedia&parent=977"}],"wp:term":[{"taxonomy":"category","embeddable":true,"href":"http:\/\/www.heljesten.nu\/index.php?rest_route=%2Fwp%2Fv2%2Fcategories&post=977"},{"taxonomy":"post_tag","embeddable":true,"href":"http:\/\/www.heljesten.nu\/index.php?rest_route=%2Fwp%2Fv2%2Ftags&post=977"}],"curies":[{"name":"wp","href":"https:\/\/api.w.org\/{rel}","templated":true}]}}