{"id":975,"date":"2009-06-11T22:02:00","date_gmt":"2009-06-11T20:02:00","guid":{"rendered":"http:\/\/www.heljesten.nu\/?p=975"},"modified":"2009-06-11T22:02:00","modified_gmt":"2009-06-11T20:02:00","slug":"sammanfattning-av-de-senaste-dagarna","status":"publish","type":"post","link":"http:\/\/www.heljesten.nu\/?p=975","title":{"rendered":"Sammanfattning av de senaste dagarna"},"content":{"rendered":"<p><strong>M\u00e5n 8 juni 2009<br \/><\/strong>Vi \u00e5kte p\u00e5 geocachingtur och hittade b\u00e5de k\u00e4llan till la rivi\u00e8re Loing och den cache som lagts d\u00e4r. N\u00e4sta cache hittade vi dock inte, men vi fick d\u00e4remot njuta av en gammal tv\u00e4ttstuga (lavoir) fr\u00e5n 1600-talet som var i bruk \u00e4nda tills byn skaffade tv\u00e4ttmaskiner 1963. Fram till dess rullades tv\u00e4tten uppifr\u00e5n byn ner till tv\u00e4ttstugan kanske 500 meter bort i skottk\u00e4rror, och tillbaka upp igen. Snacka slavg\u00f6ra!<br \/><strong>Tis 9 juni 2009<br \/><\/strong>Jag var kvar i Sancerre \u00e4ven p\u00e5 eftermiddagen eftersom vinprovningen \u00e4ntligen skulle bli av. F\u00f6rra veckan blev den inst\u00e4lld pga. f\u00f6r f\u00e5 deltagare, men nu var vi sju plus G\u00e9rard. Vi \u00e5kte till vigneronen Henri Bourgeois i Chavignol och kikade p\u00e5 buteljering av flaskor som skulle exporteras till Oslo, p\u00e5 bulkiga ekfat, dammiga flaskor som bed\u00f6mts v\u00e4rda att spara (den \u00e4ldsta fr\u00e5n 1934, tror jag). Till sist var det s\u00e5 d\u00e9gustation, f\u00f6rst\u00e5s. Vi b\u00f6rjade med r\u00f6da Pinot noir och kom via ett ros\u00e9, ocks\u00e5 Pinot noir, \u00f6ver till de vita Sauvignon blanc, som Sancerre \u00e4r mest k\u00e4nt f\u00f6r. Jag k\u00f6pte n\u00e5gra flaskor, bl.a. en \u00e5tta\u00e5rig Sauvignon blanc som odlats p\u00e5 flinstens-terroir och en otrolig Vendange fr\u00e5n 2005. Dessa tv\u00e5 tas nog hem, sen finns d\u00e4r ett par billigare som kan drickas h\u00e4r. Tyv\u00e4rr skulle jag ju k\u00f6ra de 60 km hem efter\u00e5t, s\u00e5 jag fick glatt spotta det mesta.<br \/><strong>Ons 10 juni 2009<br \/><\/strong>P\u00e5 hemv\u00e4gen plockade jag upp Rolf som cyklat n\u00e4stan fram till motorv\u00e4gen, dvs. ca 3,5 mil. Han cyklar l\u00e5ngt n\u00e4stan varje dag nu, och jag ligger l\u00e5ngt efter p\u00e5 den fronten. \u00c5 andra sidan f\u00f6rkovrar jag mig mycket i franska, f\u00e5r tr\u00f6sta mig med det.<br \/>Kasper och husse g\u00e5r ocks\u00e5 l\u00e5nga promenader, n\u00e4stan varje dag f\u00e5r jag h\u00f6ra om n\u00e5n ny runda, chemin eller stig som de har hittat. P\u00e5 f\u00e4stingfronten ser det bra ut, har hittills hittat en krypande och en fastsatt (armh\u00e5lan) f\u00e4sting sedan jag applicerade Frontline-medlet. Nu har man dessutom klippt gr\u00e4sen l\u00e4ngs alla v\u00e4grenar p\u00e5 alla de hundratals sm\u00e5v\u00e4gar som labyrintlikt slingrar sig fram h\u00e4r p\u00e5 landsbygden, vilket g\u00f6r det mer l\u00e4ttsprunget f\u00f6r Kasper.<br \/>\u00c4ven v\u00e5r nyfunna tr\u00e4nings\u00e4ng hade blivit klippt och vi k\u00f6rde en ganska bra tr\u00e4ningsrunda. Det finns ett par b\u00e4nkar d\u00e4r som jag utnyttjar till Balansera, Sitt och Ligg, och vi k\u00f6r en del fotg\u00e5ende och l\u00e4ggande under g\u00e5ng. Det m\u00e4rks att det har blivit mycket l\u00e4ggande under g\u00e5ng, f\u00f6r ibland spontanl\u00e4gger han sig nu n\u00e4r jag stannar och tyst inv\u00e4ntar att han ska s\u00e4tta sig vid min sida. Tja, kan inte klaga p\u00e5 det eftersom en g\u00e5rdshund s\u00e4llan spontanl\u00e4gger sig i Sverige om det inte \u00e4r osedvanligt varmt ute\u2026<br \/>Vi fick lite st\u00f6rningar i form av ett par bilar som kom f\u00f6rbi samt n\u00e5gra cyklande flickor. S\u00e4rskilt flickorna var sv\u00e5ra f\u00f6r Kasper, d\u00e5 var det sv\u00e5rt att f\u00e5 hans fulla uppm\u00e4rksamhet. Jag fick i alla fall till ett par inkallningar ocks\u00e5 och ingen g\u00e5ng drog han \u00e5t n\u00e5t annat h\u00e5ll \u00e4n dit han skulle.<br \/>Det \u00e4r lite intressant att titta p\u00e5 Kaspers kroppsh\u00e5llning n\u00e4r vi passerar sk\u00e4llande fransk hund. Ist\u00e4llet f\u00f6r att ivrigt vilja dra dit g\u00e5r han med extra stolt h\u00e5llning vid min sida och liksom utstr\u00e5lar att h\u00e4r g\u00e5r jag med min matte. Givetvis bel\u00f6nar jag n\u00e4r vi g\u00e5tt f\u00f6rbi sk\u00e4llobjektet. Det h\u00e4r \u00e4r n\u00e5got helt nytt, och jag hoppas det leder till n\u00e5got gott i andra hundst\u00f6rningssammanhang.<br \/><strong>Tor 11 jun -09<br \/><\/strong>P\u00e5 hemv\u00e4gen passade jag p\u00e5 att shoppa p\u00e5 Auchan. Letade l\u00e4nge efter en burk impregneringsspray till v\u00e5ra cykeljackor och till slut hittade jag den l\u00e4ngst in, h\u00f6gst upp p\u00e5 en otillg\u00e4nglig hylla. Botaniserade ocks\u00e5 bland ostarna, vi f\u00f6rs\u00f6ker hitta ett par nya varje g\u00e5ng och f\u00f6r en lista \u00f6ver vilka vi smakat och vad vi tycker om dem.<br \/>Idag var det \u00e4ntligen lite varmt och sk\u00f6nt igen efter n\u00e5gra ostadiga dagar, och jag satt ute och jobbade med datorn i tr\u00e4dg\u00e5rden en stund p\u00e5 eftermiddagen. Kasper gnagde av hj\u00e4rtans lust p\u00e5 ett m\u00e4rgben som gosat till sig i tr\u00e4dg\u00e5rden de senaste regndagarna och sen kampade vi lite. Det var otroligt kul, och det \u00e4r inga problem att lyfta honom i trasan, s\u00e5 bra bitgrepp har han.<br \/>Husse och Kasper hade plockat mer k\u00f6rsb\u00e4r n\u00e4r jag kom hem. Det h\u00e4r \u00e4r ett utm\u00e4rkt st\u00e4lle med outsinliga k\u00f6rsb\u00e4rstr\u00e4d. Vi f\u00e5r plocka hur mycket vi vill, de hinner inte ta reda p\u00e5 allt!<\/p>\n<p>F\u00e5r se n\u00e4r det kan komma upp lite nya bilder; Internet \u00e4r inte alltid med oss, och nu f\u00e5r min mobiltelefon inte kontakt med datorn. Suck. Men det kommer vad det lider&#8230;<\/p>\n","protected":false},"excerpt":{"rendered":"<p>M\u00e5n 8 juni 2009Vi \u00e5kte p\u00e5 geocachingtur och hittade b\u00e5de k\u00e4llan till la rivi\u00e8re Loing och den cache som lagts d\u00e4r. N\u00e4sta cache hittade vi dock inte, men vi fick d\u00e4remot njuta av en gammal tv\u00e4ttstuga (lavoir) fr\u00e5n 1600-talet som var i bruk \u00e4nda tills byn skaffade tv\u00e4ttmaskiner 1963. Fram till dess rullades tv\u00e4tten uppifr\u00e5n [&hellip;]<\/p>\n","protected":false},"author":1,"featured_media":0,"comment_status":"open","ping_status":"open","sticky":false,"template":"","format":"standard","meta":[],"categories":[1],"tags":[],"_links":{"self":[{"href":"http:\/\/www.heljesten.nu\/index.php?rest_route=\/wp\/v2\/posts\/975"}],"collection":[{"href":"http:\/\/www.heljesten.nu\/index.php?rest_route=\/wp\/v2\/posts"}],"about":[{"href":"http:\/\/www.heljesten.nu\/index.php?rest_route=\/wp\/v2\/types\/post"}],"author":[{"embeddable":true,"href":"http:\/\/www.heljesten.nu\/index.php?rest_route=\/wp\/v2\/users\/1"}],"replies":[{"embeddable":true,"href":"http:\/\/www.heljesten.nu\/index.php?rest_route=%2Fwp%2Fv2%2Fcomments&post=975"}],"version-history":[{"count":0,"href":"http:\/\/www.heljesten.nu\/index.php?rest_route=\/wp\/v2\/posts\/975\/revisions"}],"wp:attachment":[{"href":"http:\/\/www.heljesten.nu\/index.php?rest_route=%2Fwp%2Fv2%2Fmedia&parent=975"}],"wp:term":[{"taxonomy":"category","embeddable":true,"href":"http:\/\/www.heljesten.nu\/index.php?rest_route=%2Fwp%2Fv2%2Fcategories&post=975"},{"taxonomy":"post_tag","embeddable":true,"href":"http:\/\/www.heljesten.nu\/index.php?rest_route=%2Fwp%2Fv2%2Ftags&post=975"}],"curies":[{"name":"wp","href":"https:\/\/api.w.org\/{rel}","templated":true}]}}