{"id":974,"date":"2009-06-14T21:09:00","date_gmt":"2009-06-14T19:09:00","guid":{"rendered":"http:\/\/www.heljesten.nu\/?p=974"},"modified":"2009-06-14T21:09:00","modified_gmt":"2009-06-14T19:09:00","slug":"kasper-en-mignon","status":"publish","type":"post","link":"http:\/\/www.heljesten.nu\/?p=974","title":{"rendered":"Kasper \u2013 en mignon"},"content":{"rendered":"<p><strong>Fre 12 juni 2009<br \/><\/strong>Sista skoldagen i Sancerre. Lite tr\u00e5kigt att skiljas fr\u00e5n alla nyfunna v\u00e4nner, man kan ju hoppas p\u00e5 sporadisk kontakt med n\u00e5gon, kanske. Har redan f\u00e5tt mejl p\u00e5 franska fr\u00e5n en.<br \/>Kasper gillar det franska livet med middag nere i tr\u00e4dg\u00e5rden. Ofta slutar den med att han f\u00e5r sitta medan vi kastar ut sm\u00e5 ostkanter och sedan f\u00e5r han en kulinarisk s\u00f6kstund. En g\u00e5ng r\u00e5kade husse byta ostkantskastning mot k\u00f6ttbitskastning utan att ber\u00e4tta det f\u00f6r Kasper. Kasper s\u00f6kte och s\u00f6kte i kastriktningen. Jag sade till sist till husse att kalla in och l\u00e5t Kasper lukta p\u00e5 det nya. D\u00e5 sade det swosh, s\u00e5 sprang han ut och hittade biten. Detta tolkar jag som att han \u00e4r extremt bra p\u00e5 luktdiskriminering \u2013 han vet exakt vilken doft han \u00e4r ute efter f\u00f6r stunden och ignorerar helt alla andra dofter, trots att han bokstavligen snubblar \u00f6ver dem.<br \/>Vi gick alla en riktig l\u00e5ngpromenad som husse och Kasper hittat och som leder ut genom byn, ned till n\u00e4sta lilla husklunga (by \u00e4r f\u00f6r mycket sagt, snarast en hameau), sen genom en lummig skog d\u00e4r traktorv\u00e4gen var som en l\u00f6vad l\u00e5ngsmal sal \u2013 j\u00e4tteh\u00e4ftigt nu i skymningen. Sista halvan av slingan gick mellan \u00e4ngar och f\u00e4lt, och vi s\u00e5g en bock springa iv\u00e4g. Kasper s\u00e5g den inte! Han var f\u00f6r \u00f6vrigt kopplad d\u00e5, men hade varit l\u00f6s en liten stund tidigare och kutat av sig den v\u00e4rsta \u00f6verskottsenergin.<br \/><strong>L\u00f6r 13 juni 2009<\/strong><br \/>P\u00e5 f\u00f6rmiddagen \u00e5kte vi till Auxerre. Det hade vi best\u00e4mt f\u00f6r ett par dagar sedan, n\u00e4r Rolf trodde han skulle beh\u00f6va byta bromsklossar p\u00e5 cykeln. D\u00e4refter lyckades han hitta och \u00e5tg\u00e4rda felet \u2013 det var n\u00e5t litet metallfragment, antagligen fr\u00e5n f\u00e4lgen, som bitit sig in i gummit och gjorde att bromsen inte tog. S\u00e5 n\u00e5got egentligt behov att \u00e5ka in till stan hade vi inte, men vi ville \u00e4nd\u00e5 kika p\u00e5 stan som vi tidigare bara \u00e5kt igenom som hastigast.<br \/>Eftersom det var l\u00f6rdag var det lite sv\u00e5rparkerat, men jag hade tur och hittade en lucka lagom till en l\u00e5ng Saab. Det var fullt av konstn\u00e4rsst\u00e5nd p\u00e5 g\u00e5gatorna, och mycket folk med franska landsbygds\u00f6gon m\u00e4tt. Jag hittade en bok- och pappershandel d\u00e4r jag gick in och k\u00f6pte ett antal fichierkort, s\u00e5na d\u00e4r h\u00e5rda kartotekskort som brukar vara apdyra i Sverige. De ska jag ha bl.a. att skriva glosor p\u00e5, svenska p\u00e5 ena sidan och franska p\u00e5 andra. Sen kan man ta korten som i en kortlek och slumpa upp. Sen letade jag efter Le Grand Robert et Collins, men den fanns bara i pappersformat (tung som attan, i tv\u00e5 band). Jag har bett dem best\u00e4lla hem den som dvd \u00e5t mig och de ska ringa p\u00e5 m\u00e5ndag. Hoppas de kan fixa det.<br \/>Vi \u00e5t lunch p\u00e5 ett brasserie nere vid floden Yonne, och sedan tog vi bilen s\u00f6derut till en liten ort d\u00e4r man hade en asfalterad cykelbana utmed kanal Nivernais. Jag hittade en otill\u00e5ten, men superbra, parkering i djup skugga, s\u00e5 Kasper kunde stanna i bilen medan vi cyklade en tv\u00e5milarunda. Det var 27 grader idag, s\u00e5 \u00e4ven om det fl\u00e4ktade lite vid vattnet hade \u00e4ven en kortare cykelrunda varit lite v\u00e4l k\u00e4mpig f\u00f6r Kasper. I alla fall k\u00e4nde Rolf pl\u00f6tsligt igen ett slusshus. Vi kollade kartan och, jovisst, vi hade passerat d\u00e4r till cykel p\u00e5 v\u00e5r Parisrundcykling 2002!<br \/>V\u00e4l tillbaka vid bilen best\u00e4mde sig Rolf f\u00f6r att cykla hem. Jag och Kasper \u00e5kte och handlade mat och tillbringade sedan n\u00e5gon timme i skuggan i tr\u00e4dg\u00e5rden l\u00e4sandes respektive m\u00e4rgbenstuggandes.<br \/><strong>S\u00f6n 14 jun -09<br \/><\/strong>Det var inte lika fint v\u00e4der som ig\u00e5r, och man hade varnat f\u00f6r regn och kanske \u00e5ska fram\u00e5t kv\u00e4llen. Vi best\u00e4mde oss f\u00f6r att \u00e5ka runt lite i trakten med bil och ta ett par cacher, och sen kika p\u00e5 f\u00eate de tilleul och vide grenier i Lainsecq.<br \/>F\u00f6rsta st\u00e4llet var ett gammalt oxdragarhus med nyrenoverat tak, d\u00e4r jag hittade mikrocachen. En hund kom fram fr\u00e5n grannhuset, s\u00e5 Kasper \u00e5kte f\u00f6r s\u00e4kerhets skull in i bilen. Hunden visade sig leksugen och han och jag lattjade med en platt sten en stund. Han hade ett v\u00e4ldigt tydligt kroppsspr\u00e5k p\u00e5 vad det var han ville.<br \/>Vi hittade \u00e4nnu ett av alla dessa gamla slott som g\u00f6mmer sig bland tr\u00e4den lite \u00f6verallt. I Tyskland ser man dem oftast stolt tronande uppe p\u00e5 n\u00e5n h\u00f6jd, men h\u00e4r g\u00f6mmer de sig g\u00e4rna i n\u00e5n dal, och framf\u00f6r allt inne i n\u00e5n skogsdunge. Kommer man inte fr\u00e5n exakt r\u00e4tt vinkel ser man dem inte \u00f6verhuvudtaget.<br \/>Sen bes\u00f6kte vi tv\u00e5 lavoirer, varav vi \u00e5t medhavd picniclunch vid den ena. Det duggregnade s\u00e5 taket kom v\u00e4l till pass. Kasper har nu tagit \u00e5rets f\u00f6rsta bad upp till armb\u00e5garna. Rolf hittade mikrocacherna vid b\u00e5da lavoirerna. Vi best\u00e4mde oss f\u00f6r en fj\u00e4rde cache, som skulle ligga d\u00e4r Yonne och Nivernais m\u00f6ts. P\u00e5 v\u00e4gen dit passerade vi ett st\u00e4ngt E. Leclerc och passade p\u00e5 att tv\u00e4tta bilen. Superbra och l\u00e4ttsk\u00f6tt anordning f\u00f6r bara 3,50 \u20ac.<br \/>Det visade sig vara n\u00e4rmare 2 km att g\u00e5 enkel resa fr\u00e5n parkeringsst\u00e4llet till cachen, s\u00e5 vi best\u00e4mde oss f\u00f6r att passa den nu och kanske ta den per cykel en annan g\u00e5ng. Vi tog en liten promenad l\u00e4ngs kanalen i alla fall fram till n\u00e4rmaste sluss. \u00c4ven h\u00e4r cyklade vi 2002.<br \/>Lindblomsfesten i Lainsecq s\u00e5g vi inga sp\u00e5r av, och vide grenieren var mycket avslagen. Vi k\u00f6pte tre \u00f6lglas f\u00f6r 1 euro och en bit god ost, St Nectairs.<\/p>\n<p>Jag sov en stund p\u00e5 eftermiddagen och efter middag gick Kasper och jag p\u00e5 en runda runt byn. Han fick g\u00e5 med l\u00f6st sl\u00e4pande koppel n\u00e4stan hela v\u00e4gen. Bara f\u00f6rbi n\u00e5gra hus d\u00e4r jag vet att det finns ilsket sk\u00e4llande hundar tog jag kopplet. Vid n\u00e5gra kor fick han ligga och v\u00e4nta, plus att jag gjorde en inkallning. Vid v\u00e5rt lilla tr\u00e4ningsf\u00e4lt fick han sedan v\u00e4nta p\u00e5 en b\u00e4nk tills jag kallade in. Sen kastade jag repleksaken ett par g\u00e5nger och han kutade runt str\u00e5lande av gl\u00e4dje \u00f6ver den. I \u00f6vrigt hade han mycket fin kontakt och det k\u00e4ndes helt lugnt att g\u00e5 runt i byn med honom i princip l\u00f6s. En gammal man som st\u00e4ngde sina f\u00f6rnsterluckor h\u00e4lsade och sade att hunden var en mignon. Oui, sade jag utan att riktigt veta vad han menade. Men med tanke p\u00e5 att filet mignon \u00e4r ett fint stycke k\u00f6tt borde det v\u00e4l vara n\u00e5t positivt, t\u00e4nkte jag. Jod\u00e5: s\u00f6t, gullig, rar, n\u00e4pen st\u00e5r det i uppslagsboken. S\u00e5 en mignon \u00e4r han, gullungen.<\/p>\n<p><em>Som vanligt sv\u00e5rt att f\u00e5 \u00f6ver bilder. De kanske kommer&#8230;<\/em><\/p>\n","protected":false},"excerpt":{"rendered":"<p>Fre 12 juni 2009Sista skoldagen i Sancerre. Lite tr\u00e5kigt att skiljas fr\u00e5n alla nyfunna v\u00e4nner, man kan ju hoppas p\u00e5 sporadisk kontakt med n\u00e5gon, kanske. Har redan f\u00e5tt mejl p\u00e5 franska fr\u00e5n en.Kasper gillar det franska livet med middag nere i tr\u00e4dg\u00e5rden. Ofta slutar den med att han f\u00e5r sitta medan vi kastar ut sm\u00e5 [&hellip;]<\/p>\n","protected":false},"author":1,"featured_media":0,"comment_status":"open","ping_status":"open","sticky":false,"template":"","format":"standard","meta":[],"categories":[1],"tags":[],"_links":{"self":[{"href":"http:\/\/www.heljesten.nu\/index.php?rest_route=\/wp\/v2\/posts\/974"}],"collection":[{"href":"http:\/\/www.heljesten.nu\/index.php?rest_route=\/wp\/v2\/posts"}],"about":[{"href":"http:\/\/www.heljesten.nu\/index.php?rest_route=\/wp\/v2\/types\/post"}],"author":[{"embeddable":true,"href":"http:\/\/www.heljesten.nu\/index.php?rest_route=\/wp\/v2\/users\/1"}],"replies":[{"embeddable":true,"href":"http:\/\/www.heljesten.nu\/index.php?rest_route=%2Fwp%2Fv2%2Fcomments&post=974"}],"version-history":[{"count":0,"href":"http:\/\/www.heljesten.nu\/index.php?rest_route=\/wp\/v2\/posts\/974\/revisions"}],"wp:attachment":[{"href":"http:\/\/www.heljesten.nu\/index.php?rest_route=%2Fwp%2Fv2%2Fmedia&parent=974"}],"wp:term":[{"taxonomy":"category","embeddable":true,"href":"http:\/\/www.heljesten.nu\/index.php?rest_route=%2Fwp%2Fv2%2Fcategories&post=974"},{"taxonomy":"post_tag","embeddable":true,"href":"http:\/\/www.heljesten.nu\/index.php?rest_route=%2Fwp%2Fv2%2Ftags&post=974"}],"curies":[{"name":"wp","href":"https:\/\/api.w.org\/{rel}","templated":true}]}}