{"id":969,"date":"2009-06-18T22:27:00","date_gmt":"2009-06-18T20:27:00","guid":{"rendered":"http:\/\/www.heljesten.nu\/?p=969"},"modified":"2009-06-18T22:27:00","modified_gmt":"2009-06-18T20:27:00","slug":"kasper-pa-resto","status":"publish","type":"post","link":"http:\/\/www.heljesten.nu\/?p=969","title":{"rendered":"Kasper p\u00e5 resto"},"content":{"rendered":"<p>Satt och jobbade i tr\u00e4dg\u00e5rden p\u00e5 f\u00f6rmiddagen, i skuggan, f\u00f6r redan d\u00e5 var det f\u00f6r varmt i solen. Efter lunch pluggade jag lite franska och sen var det dags att \u00e5ka till konversationstanten. Rolf h\u00e4ngde med och cyklade en sv\u00e4ng medan jag konverserade om kroppens olika sinnen, bland annat. Tanten har en gul labrador p\u00e5 \u00e5tta \u00e5r, Auguste, och jag kanske tar med mig Kasper dit n\u00e5gon g\u00e5ng, s\u00e5 kan de leka i tr\u00e4dg\u00e5rden medan vi konverserar. F\u00e5r se\u2026<br \/>P\u00e5 kv\u00e4llen skulle vi g\u00e5 p\u00e5 restaurang. Vi hade planerat en resto i St Colombe, som jag fr\u00e5gat h\u00e4romdagen om den var \u00f6ppen. Jo, alla dagar utom m\u00e5ndag, blev svaret. N\u00e4r vi nu kom dit visade det sig att de inte hade \u00f6ppet p\u00e5 kv\u00e4llen\u2026 Suck. Vi \u00e5kte tillbaka till Lainsecq, men vid den restaurangen stod v\u00e5ra holl\u00e4ndska grannars bil, och tanken p\u00e5 att konversera med dem hela middagen tilltalade inte (de \u00e4r gamla; tanten pratar halvknackigare franska \u00e4n jag, och mannen pratar knappt alls sedan han drabbats h\u00e5rt av MS och sitter i rullstol. Alla muskler har p\u00e5verkats, inklusive talorganen. Mycket synd om honom, men som sagt, inget muntert middagss\u00e4llskap\u2026) s\u00e5 vi beslutade att ist\u00e4llet \u00e5ka \u00e5t andra h\u00e5llet, till Druyes. Totalt en bilresa fram och tillbaka \u00e5t alla h\u00e5ll och kanter p\u00e5 ca 3,6 mil, det hade vi inte riktigt r\u00e4knat med. Tur att vi inte tog cyklarna.<br \/>Vi \u00e5t en trer\u00e4tters middag, och Kasper sk\u00f6tte sig r\u00e4tt bra. Han gn\u00e4llde lite tyst i b\u00f6rjan, men lade sig sedan. Varje g\u00e5ng servitrisen kom reste han sig dock i hopp om att hon skulle intressera sig f\u00f6r honom. Hon fr\u00e5gade \u201dvarf\u00f6r gr\u00e5ter han?\u201d men f\u00f6rstod sen att det var f\u00f6r att han var kopplad.<br \/>Jag \u00e5t en god sallad till f\u00f6rr\u00e4tt, sen en skaplig men inte exceptionell coq \u00e0 la bi\u00e8re och avslutade med en fromage blanc. Jag k\u00f6rde, s\u00e5 jag lyxade med en enda \u00f6l medan Rolf fick gott l\u00e4ttdrucket vin med en ton \u00e5t k\u00f6rsb\u00e4rsh\u00e5llet.<br \/>Kasper fick som bel\u00f6ning f\u00f6r att han var tyst sm\u00e5 bitar av den brioche jag inte \u00e5t. Tror han gillar fransk mat allt mer\u2026<br \/>Efter\u00e5t gick vi en promenad i den park d\u00e4r Kasper tr\u00e4ffat hundkompisar h\u00e4romsistens. Inga andra hundar d\u00e4r idag, men han fick vara l\u00f6s och springa av sig lite. Vi har tittat p\u00e5 ytterligare en lavoir, den absolut finaste hittills finns i just Druyes.<\/p>\n","protected":false},"excerpt":{"rendered":"<p>Satt och jobbade i tr\u00e4dg\u00e5rden p\u00e5 f\u00f6rmiddagen, i skuggan, f\u00f6r redan d\u00e5 var det f\u00f6r varmt i solen. Efter lunch pluggade jag lite franska och sen var det dags att \u00e5ka till konversationstanten. Rolf h\u00e4ngde med och cyklade en sv\u00e4ng medan jag konverserade om kroppens olika sinnen, bland annat. Tanten har en gul labrador p\u00e5 [&hellip;]<\/p>\n","protected":false},"author":1,"featured_media":0,"comment_status":"open","ping_status":"open","sticky":false,"template":"","format":"standard","meta":[],"categories":[1],"tags":[],"_links":{"self":[{"href":"http:\/\/www.heljesten.nu\/index.php?rest_route=\/wp\/v2\/posts\/969"}],"collection":[{"href":"http:\/\/www.heljesten.nu\/index.php?rest_route=\/wp\/v2\/posts"}],"about":[{"href":"http:\/\/www.heljesten.nu\/index.php?rest_route=\/wp\/v2\/types\/post"}],"author":[{"embeddable":true,"href":"http:\/\/www.heljesten.nu\/index.php?rest_route=\/wp\/v2\/users\/1"}],"replies":[{"embeddable":true,"href":"http:\/\/www.heljesten.nu\/index.php?rest_route=%2Fwp%2Fv2%2Fcomments&post=969"}],"version-history":[{"count":0,"href":"http:\/\/www.heljesten.nu\/index.php?rest_route=\/wp\/v2\/posts\/969\/revisions"}],"wp:attachment":[{"href":"http:\/\/www.heljesten.nu\/index.php?rest_route=%2Fwp%2Fv2%2Fmedia&parent=969"}],"wp:term":[{"taxonomy":"category","embeddable":true,"href":"http:\/\/www.heljesten.nu\/index.php?rest_route=%2Fwp%2Fv2%2Fcategories&post=969"},{"taxonomy":"post_tag","embeddable":true,"href":"http:\/\/www.heljesten.nu\/index.php?rest_route=%2Fwp%2Fv2%2Ftags&post=969"}],"curies":[{"name":"wp","href":"https:\/\/api.w.org\/{rel}","templated":true}]}}