{"id":967,"date":"2009-06-22T08:43:00","date_gmt":"2009-06-22T06:43:00","guid":{"rendered":"http:\/\/www.heljesten.nu\/?p=967"},"modified":"2009-06-22T08:43:00","modified_gmt":"2009-06-22T06:43:00","slug":"midsommarvalpar-igen","status":"publish","type":"post","link":"http:\/\/www.heljesten.nu\/?p=967","title":{"rendered":"Midsommarvalpar igen"},"content":{"rendered":"<p>Snabbinfo: G\u00f6t\u00e4ngens har f\u00f6r tredje \u00e5ret i rad f\u00e5tt midsommarvalpar, se marklanda.blogg.se.<br \/>Kasper grattar sina sm\u00e5sl\u00e4ktingar!<\/p>\n<p>Husse och jag ska nu passa p\u00e5 att cykla medan lillmatte f\u00e5r ta hand om Kasper ett tag.<\/p>\n","protected":false},"excerpt":{"rendered":"<p>Snabbinfo: G\u00f6t\u00e4ngens har f\u00f6r tredje \u00e5ret i rad f\u00e5tt midsommarvalpar, se marklanda.blogg.se.Kasper grattar sina sm\u00e5sl\u00e4ktingar! Husse och jag ska nu passa p\u00e5 att cykla medan lillmatte f\u00e5r ta hand om Kasper ett tag.<\/p>\n","protected":false},"author":1,"featured_media":0,"comment_status":"open","ping_status":"open","sticky":false,"template":"","format":"standard","meta":[],"categories":[1],"tags":[],"_links":{"self":[{"href":"http:\/\/www.heljesten.nu\/index.php?rest_route=\/wp\/v2\/posts\/967"}],"collection":[{"href":"http:\/\/www.heljesten.nu\/index.php?rest_route=\/wp\/v2\/posts"}],"about":[{"href":"http:\/\/www.heljesten.nu\/index.php?rest_route=\/wp\/v2\/types\/post"}],"author":[{"embeddable":true,"href":"http:\/\/www.heljesten.nu\/index.php?rest_route=\/wp\/v2\/users\/1"}],"replies":[{"embeddable":true,"href":"http:\/\/www.heljesten.nu\/index.php?rest_route=%2Fwp%2Fv2%2Fcomments&post=967"}],"version-history":[{"count":0,"href":"http:\/\/www.heljesten.nu\/index.php?rest_route=\/wp\/v2\/posts\/967\/revisions"}],"wp:attachment":[{"href":"http:\/\/www.heljesten.nu\/index.php?rest_route=%2Fwp%2Fv2%2Fmedia&parent=967"}],"wp:term":[{"taxonomy":"category","embeddable":true,"href":"http:\/\/www.heljesten.nu\/index.php?rest_route=%2Fwp%2Fv2%2Fcategories&post=967"},{"taxonomy":"post_tag","embeddable":true,"href":"http:\/\/www.heljesten.nu\/index.php?rest_route=%2Fwp%2Fv2%2Ftags&post=967"}],"curies":[{"name":"wp","href":"https:\/\/api.w.org\/{rel}","templated":true}]}}