{"id":962,"date":"2009-06-27T08:05:00","date_gmt":"2009-06-27T06:05:00","guid":{"rendered":"http:\/\/www.heljesten.nu\/?p=962"},"modified":"2009-06-27T08:05:00","modified_gmt":"2009-06-27T06:05:00","slug":"michael-jackson-och-andra","status":"publish","type":"post","link":"http:\/\/www.heljesten.nu\/?p=962","title":{"rendered":"Michael Jackson och andra"},"content":{"rendered":"<p>Mitt minne av Michael Jackson \u00e4r den lille negerpojken som var med i Jackson 5 och som sen b\u00f6rjade leka att han var vit. Vitare och vitare gjorde han sig, och sen b\u00f6rjade n\u00e4sfixandet. Vid det laget var han borta ur mitt musikmedvetna.<br \/>Hans d\u00f6dsfall f\u00e5r mig snarast att p\u00e5minna mig om hur jag r\u00e5kat lyssna p\u00e5 Radio Luxemburg den natten d\u00e5 Elvis Presley dog, hur de spelade hans l\u00e5tar natten l\u00e5ng. Och ja, sen fortsatte v\u00e4l det i flera veckor.<br \/>Mitt andra d\u00f6dsminne av stor artist \u00e4r givetvis n\u00e4r John Lennon m\u00f6rdades. D\u00e5 befann jag mig p\u00e5 kibbutz i Israel, och alla ungdomar d\u00e4r tog det oerh\u00f6rt h\u00e5rt. Han var verkligen stor, f\u00f6r alla nationaliteter. N\u00e5gra kibbutznikar anordnade ett disko i Lennons \u00e4ra: allt var svartdekorerat och hans musik spelades natten l\u00e5ng. Det \u00e4r ett minne som verkligen sitter kvar i sj\u00e4len.<br \/>Stafettpinne: era minnen av stora artisters d\u00f6d?<\/p>\n","protected":false},"excerpt":{"rendered":"<p>Mitt minne av Michael Jackson \u00e4r den lille negerpojken som var med i Jackson 5 och som sen b\u00f6rjade leka att han var vit. Vitare och vitare gjorde han sig, och sen b\u00f6rjade n\u00e4sfixandet. Vid det laget var han borta ur mitt musikmedvetna.Hans d\u00f6dsfall f\u00e5r mig snarast att p\u00e5minna mig om hur jag r\u00e5kat lyssna [&hellip;]<\/p>\n","protected":false},"author":1,"featured_media":0,"comment_status":"open","ping_status":"open","sticky":false,"template":"","format":"standard","meta":[],"categories":[1],"tags":[],"_links":{"self":[{"href":"http:\/\/www.heljesten.nu\/index.php?rest_route=\/wp\/v2\/posts\/962"}],"collection":[{"href":"http:\/\/www.heljesten.nu\/index.php?rest_route=\/wp\/v2\/posts"}],"about":[{"href":"http:\/\/www.heljesten.nu\/index.php?rest_route=\/wp\/v2\/types\/post"}],"author":[{"embeddable":true,"href":"http:\/\/www.heljesten.nu\/index.php?rest_route=\/wp\/v2\/users\/1"}],"replies":[{"embeddable":true,"href":"http:\/\/www.heljesten.nu\/index.php?rest_route=%2Fwp%2Fv2%2Fcomments&post=962"}],"version-history":[{"count":0,"href":"http:\/\/www.heljesten.nu\/index.php?rest_route=\/wp\/v2\/posts\/962\/revisions"}],"wp:attachment":[{"href":"http:\/\/www.heljesten.nu\/index.php?rest_route=%2Fwp%2Fv2%2Fmedia&parent=962"}],"wp:term":[{"taxonomy":"category","embeddable":true,"href":"http:\/\/www.heljesten.nu\/index.php?rest_route=%2Fwp%2Fv2%2Fcategories&post=962"},{"taxonomy":"post_tag","embeddable":true,"href":"http:\/\/www.heljesten.nu\/index.php?rest_route=%2Fwp%2Fv2%2Ftags&post=962"}],"curies":[{"name":"wp","href":"https:\/\/api.w.org\/{rel}","templated":true}]}}